

{"id":14491,"date":"2020-02-14T10:52:45","date_gmt":"2020-02-14T13:52:45","guid":{"rendered":"https:\/\/siteshom.goias.gov.br\/abc\/caiado-elogia-trabalho-da-abc-e-agradece-a-dedicacao-dos-servidores\/"},"modified":"2020-02-14T10:52:45","modified_gmt":"2020-02-14T13:52:45","slug":"caiado-elogia-trabalho-da-abc-e-agradece-a-dedicacao-dos-servidores","status":"publish","type":"post","link":"https:\/\/goias.gov.br\/abc\/caiado-elogia-trabalho-da-abc-e-agradece-a-dedicacao-dos-servidores\/","title":{"rendered":"Caiado elogia trabalho da ABC e agradece a dedica\u00e7\u00e3o dos servidores"},"content":{"rendered":"<img fetchpriority=\"high\" decoding=\"async\" class=\" size-full wp-image-14490\" src=\"https:\/\/goias.gov.br\/abc\/wp-content\/uploads\/sites\/23\/2020\/02\/CaiadoOMESC16por9_2-1b3.jpg\" alt=\"Ronaldo Caiado concede entrevista no est\u00fadio-audit\u00f3rio ao lado do apresentador Augusto C\u00e9sar \" class=\"caption\" title=\"Foto: Silvano Nascimento\" width=\"1234\" height=\"693\" srcset=\"https:\/\/goias.gov.br\/abc\/wp-content\/uploads\/sites\/23\/2020\/02\/CaiadoOMESC16por9_2-1b3.jpg 1234w, https:\/\/goias.gov.br\/abc\/wp-content\/uploads\/sites\/23\/2020\/02\/CaiadoOMESC16por9_2-1b3-300x168.jpg 300w, https:\/\/goias.gov.br\/abc\/wp-content\/uploads\/sites\/23\/2020\/02\/CaiadoOMESC16por9_2-1b3-1024x575.jpg 1024w, https:\/\/goias.gov.br\/abc\/wp-content\/uploads\/sites\/23\/2020\/02\/CaiadoOMESC16por9_2-1b3-768x431.jpg 768w\" sizes=\"(max-width: 1234px) 100vw, 1234px\" \/>\n<p>Ele falou tamb&eacute;m sobre o trabalho de saneamento que vem realizando e disse que quer os rios goianos produzindo &aacute;gua<\/p>\n<p><!--more--><\/p>\n<p>Em mais uma entrevista concedida hoje, 14, ao programa <em>O Mundo em Sua Casa<\/em>, das r&aacute;dios Brasil Central AM e RBC FM, o governador Ronaldo Caiado ressaltou a import&acirc;ncia do complexo de comunica&ccedil;&atilde;o da Ag&ecirc;ncia Brasil Central (ABC), citando nominalmente cada uma das emissoras que o comp&otilde;em e observando que, a cada dia que o visita, v&ecirc; crescimento e melhora, com trabalhadores dedicados e muito competentes.<\/p>\n<p>&ldquo;Aqui est&atilde;o pessoas dedicadas, profissionais estimulados, com as emissoras ofertando cada vez mais programas de melhor qualidade&rdquo;, sintetizou. Ele foi entrevistado no programa pelos apresentadores Gil Bomfim e Augusto C&eacute;sar Din&iacute;zio e pelo advogado comentarista Luciano Almeida, respondendo ainda a quest&otilde;es sobre o trabalho que sua administra&ccedil;&atilde;o vem realizando nas &aacute;reas de meio ambiente, saneamento b&aacute;sico e habita&ccedil;&atilde;o popular.<\/p>\n<p><strong>Comunica&ccedil;&atilde;o<\/strong><\/p>\n<p>Caiado disse perceber que os ve&iacute;culos da ABC est&atilde;o cada vez mais atualizados e que &ldquo;isso &eacute; muito gratificante para o Estado&rdquo;. Na oportunidade, agradeceu a diretoria pelo trabalho que vem realizando, no sentido de avan&ccedil;ar na proposta de melhoria da comunica&ccedil;&atilde;o que &eacute; produzida e veiculada pelas emissoras do complexo. &ldquo;A cada 15 dias que aqui chego, diviso essa grande conquista do povo goiano. Por isso, quero parabenizar a toda diretoria e servidores da ABC&rdquo;, observou, enfatizando o carinho que tem pelo complexo e a confian&ccedil;a no trabalho que &eacute; realizado por ela.<\/p>\n<p>Perguntado sobre o empenho que seu governo faz para a recupera&ccedil;&atilde;o da bacia do rio Meia Ponte, inclusive com a programa&ccedil;&atilde;o para o plantio de 150 mil mudas de &aacute;rvores, e das a&ccedil;&otilde;es para o saneamento b&aacute;sico com a extens&atilde;o dos linh&otilde;es do Jo&atilde;o Leite para Aparecida de Goi&acirc;nia, o governador enfatizou a necessidade de recupera&ccedil;&atilde;o do rio Meia Ponte, com o plantio das &aacute;rvores para a sua prote&ccedil;&atilde;o ciliar, falou da supera&ccedil;&atilde;o das dificuldades da falta de &aacute;gua no ano passado e assegurou que, como legado de sua administra&ccedil;&atilde;o, quer entregar o governo com os rios goianos tendo maior capacidade de produ&ccedil;&atilde;o de &aacute;gua.<\/p>\n<p><strong>Foto: Silvano Nascimento<\/strong><\/p>\n<p><strong>ABC Digital<\/strong><\/p>\n","protected":false},"excerpt":{"rendered":"<p>Ele falou tamb&eacute;m sobre o trabalho de saneamento que vem realizando e disse que quer os rios goianos produzindo &aacute;gua<\/p>\n","protected":false},"author":247,"featured_media":14490,"comment_status":"closed","ping_status":"open","sticky":false,"template":"","format":"standard","meta":{"footnotes":""},"categories":[39],"tags":[],"class_list":["post-14491","post","type-post","status-publish","format-standard","has-post-thumbnail","hentry","category-noticias"],"rttpg_featured_image_url":{"full":["https:\/\/goias.gov.br\/abc\/wp-content\/uploads\/sites\/23\/2020\/02\/CaiadoOMESC16por9_2-1b3.jpg",1234,693,false],"landscape":["https:\/\/goias.gov.br\/abc\/wp-content\/uploads\/sites\/23\/2020\/02\/CaiadoOMESC16por9_2-1b3.jpg",1234,693,false],"portraits":["https:\/\/goias.gov.br\/abc\/wp-content\/uploads\/sites\/23\/2020\/02\/CaiadoOMESC16por9_2-1b3.jpg",1234,693,false],"thumbnail":["https:\/\/goias.gov.br\/abc\/wp-content\/uploads\/sites\/23\/2020\/02\/CaiadoOMESC16por9_2-1b3-150x150.jpg",150,150,true],"medium":["https:\/\/goias.gov.br\/abc\/wp-content\/uploads\/sites\/23\/2020\/02\/CaiadoOMESC16por9_2-1b3-300x168.jpg",300,168,true],"large":["https:\/\/goias.gov.br\/abc\/wp-content\/uploads\/sites\/23\/2020\/02\/CaiadoOMESC16por9_2-1b3-1024x575.jpg",1024,575,true],"1536x1536":["https:\/\/goias.gov.br\/abc\/wp-content\/uploads\/sites\/23\/2020\/02\/CaiadoOMESC16por9_2-1b3.jpg",1234,693,false],"2048x2048":["https:\/\/goias.gov.br\/abc\/wp-content\/uploads\/sites\/23\/2020\/02\/CaiadoOMESC16por9_2-1b3.jpg",1234,693,false]},"rttpg_author":{"display_name":"lucelialima","author_link":"https:\/\/goias.gov.br\/abc\/author\/lucelialima\/"},"rttpg_comment":0,"rttpg_category":"<a href=\"https:\/\/goias.gov.br\/abc\/categoria\/institucional\/noticias\/\" rel=\"category tag\">Not\u00edcias<\/a>","rttpg_excerpt":"Ele falou tamb&eacute;m sobre o trabalho de saneamento que vem realizando e disse que quer os rios goianos produzindo &aacute;gua","_links":{"self":[{"href":"https:\/\/goias.gov.br\/abc\/wp-json\/wp\/v2\/posts\/14491","targetHints":{"allow":["GET"]}}],"collection":[{"href":"https:\/\/goias.gov.br\/abc\/wp-json\/wp\/v2\/posts"}],"about":[{"href":"https:\/\/goias.gov.br\/abc\/wp-json\/wp\/v2\/types\/post"}],"author":[{"embeddable":true,"href":"https:\/\/goias.gov.br\/abc\/wp-json\/wp\/v2\/users\/247"}],"replies":[{"embeddable":true,"href":"https:\/\/goias.gov.br\/abc\/wp-json\/wp\/v2\/comments?post=14491"}],"version-history":[{"count":0,"href":"https:\/\/goias.gov.br\/abc\/wp-json\/wp\/v2\/posts\/14491\/revisions"}],"wp:featuredmedia":[{"embeddable":true,"href":"https:\/\/goias.gov.br\/abc\/wp-json\/wp\/v2\/media\/14490"}],"wp:attachment":[{"href":"https:\/\/goias.gov.br\/abc\/wp-json\/wp\/v2\/media?parent=14491"}],"wp:term":[{"taxonomy":"category","embeddable":true,"href":"https:\/\/goias.gov.br\/abc\/wp-json\/wp\/v2\/categories?post=14491"},{"taxonomy":"post_tag","embeddable":true,"href":"https:\/\/goias.gov.br\/abc\/wp-json\/wp\/v2\/tags?post=14491"}],"curies":[{"name":"wp","href":"https:\/\/api.w.org\/{rel}","templated":true}]}}