

{"id":144678,"date":"2026-02-06T19:00:00","date_gmt":"2026-02-06T22:00:00","guid":{"rendered":"https:\/\/goias.gov.br\/abc\/?p=144678"},"modified":"2026-02-09T10:50:09","modified_gmt":"2026-02-09T13:50:09","slug":"tbc-esporte-analisa-ultima-rodada-de-grupos-do-goianao","status":"publish","type":"post","link":"https:\/\/goias.gov.br\/abc\/tbc-esporte-analisa-ultima-rodada-de-grupos-do-goianao\/","title":{"rendered":"TBC Esporte analisa \u00faltima rodada de grupos do Goian\u00e3o"},"content":{"rendered":"\n<p>O <em>TBC Esporte<\/em> desta sexta-feira (6), mergulhou nas defini\u00e7\u00f5es do Campeonato Goiano e nas movimenta\u00e7\u00f5es do futebol nacional. Com apresenta\u00e7\u00e3o de Lara Fabian e coment\u00e1rios de Rupert Nickerson, Evandro Gomes e Ana Ara\u00fajo, o programa analisou a \u00faltima rodada da fase de grupos do Goian\u00e3o, que acontece neste fim de semana e vai definir os classificados \u00e0s quartas de final, <a href=\"https:\/\/goias.gov.br\/abc\/tbc-exibe-quatro-jogos-da-rodada-decisiva-do-goianao\/\" data-type=\"link\" data-id=\"https:\/\/goias.gov.br\/abc\/tbc-exibe-quatro-jogos-da-rodada-decisiva-do-goianao\/\" target=\"_blank\" rel=\"noreferrer noopener\">com transmiss\u00e3o pela TV Brasil Central<\/a>. A equipe analisou os quatro jogos decisivos e destacou o car\u00e1ter imprevis\u00edvel da disputa. \u201cO campeonato promete neste final de semana, com grandes jogos\u201d, afirmou Rupert. Evandro refor\u00e7ou a ideia de surpresa: \u201cNo futebol do interior a gente \u00e9 surpreendido a todo instante\u201d. J\u00e1 Ana Ara\u00fajo projetou protagonismo do Verd\u00e3o: \u201cGoi\u00e1s tem muito a crescer no campeonato e tem tudo pra chegar na final do campeonato\u201d.<\/p>\n\n\n\n<p>Na sequ\u00eancia, o <em>TBC Esporte<\/em> exibiu os gols da rodada do Brasileir\u00e3o e ampliou o debate para o cen\u00e1rio nacional. A equipe comentou as mudan\u00e7as no regulamento da S\u00e9rie B de 2026, que ter\u00e1 um formato in\u00e9dito de acesso \u00e0 S\u00e9rie A, altera\u00e7\u00e3o que pode mudar a din\u00e2mica da competi\u00e7\u00e3o e a estrat\u00e9gia dos clubes ao longo da temporada. O programa tamb\u00e9m contou com a participa\u00e7\u00e3o de expectadores, que mandaram suas participa\u00e7\u00f5es.<\/p>\n\n\n\n<p><strong>ABC Digital<\/strong><\/p>\n","protected":false},"excerpt":{"rendered":"<p>O TBC Esporte desta sexta-feira (6), mergulhou nas defini\u00e7\u00f5es do Campeonato Goiano e nas movimenta\u00e7\u00f5es do futebol nacional. Com apresenta\u00e7\u00e3o de Lara Fabian e coment\u00e1rios de Rupert Nickerson, Evandro Gomes e Ana Ara\u00fajo, o programa analisou a \u00faltima rodada da fase de grupos do Goian\u00e3o, que acontece neste fim de semana e vai definir os [&hellip;]<\/p>\n","protected":false},"author":380,"featured_media":144680,"comment_status":"closed","ping_status":"open","sticky":false,"template":"","format":"standard","meta":{"footnotes":""},"categories":[39],"tags":[57],"class_list":["post-144678","post","type-post","status-publish","format-standard","has-post-thumbnail","hentry","category-noticias","tag-programacao"],"rttpg_featured_image_url":{"full":["https:\/\/goias.gov.br\/abc\/wp-content\/uploads\/sites\/23\/2026\/02\/08.02_ESPORTES.jpg",1200,600,false],"landscape":["https:\/\/goias.gov.br\/abc\/wp-content\/uploads\/sites\/23\/2026\/02\/08.02_ESPORTES.jpg",1200,600,false],"portraits":["https:\/\/goias.gov.br\/abc\/wp-content\/uploads\/sites\/23\/2026\/02\/08.02_ESPORTES.jpg",1200,600,false],"thumbnail":["https:\/\/goias.gov.br\/abc\/wp-content\/uploads\/sites\/23\/2026\/02\/08.02_ESPORTES-150x150.jpg",150,150,true],"medium":["https:\/\/goias.gov.br\/abc\/wp-content\/uploads\/sites\/23\/2026\/02\/08.02_ESPORTES-300x150.jpg",300,150,true],"large":["https:\/\/goias.gov.br\/abc\/wp-content\/uploads\/sites\/23\/2026\/02\/08.02_ESPORTES-1024x512.jpg",1024,512,true],"1536x1536":["https:\/\/goias.gov.br\/abc\/wp-content\/uploads\/sites\/23\/2026\/02\/08.02_ESPORTES.jpg",1200,600,false],"2048x2048":["https:\/\/goias.gov.br\/abc\/wp-content\/uploads\/sites\/23\/2026\/02\/08.02_ESPORTES.jpg",1200,600,false]},"rttpg_author":{"display_name":"nadialima","author_link":"https:\/\/goias.gov.br\/abc\/author\/nadialima\/"},"rttpg_comment":0,"rttpg_category":"<a href=\"https:\/\/goias.gov.br\/abc\/categoria\/institucional\/noticias\/\" rel=\"category tag\">Not\u00edcias<\/a>","rttpg_excerpt":"O TBC Esporte desta sexta-feira (6), mergulhou nas defini\u00e7\u00f5es do Campeonato Goiano e nas movimenta\u00e7\u00f5es do futebol nacional. Com apresenta\u00e7\u00e3o de Lara Fabian e coment\u00e1rios de Rupert Nickerson, Evandro Gomes e Ana Ara\u00fajo, o programa analisou a \u00faltima rodada da fase de grupos do Goian\u00e3o, que acontece neste fim de semana e vai definir os&hellip;","_links":{"self":[{"href":"https:\/\/goias.gov.br\/abc\/wp-json\/wp\/v2\/posts\/144678","targetHints":{"allow":["GET"]}}],"collection":[{"href":"https:\/\/goias.gov.br\/abc\/wp-json\/wp\/v2\/posts"}],"about":[{"href":"https:\/\/goias.gov.br\/abc\/wp-json\/wp\/v2\/types\/post"}],"author":[{"embeddable":true,"href":"https:\/\/goias.gov.br\/abc\/wp-json\/wp\/v2\/users\/380"}],"replies":[{"embeddable":true,"href":"https:\/\/goias.gov.br\/abc\/wp-json\/wp\/v2\/comments?post=144678"}],"version-history":[{"count":2,"href":"https:\/\/goias.gov.br\/abc\/wp-json\/wp\/v2\/posts\/144678\/revisions"}],"predecessor-version":[{"id":145034,"href":"https:\/\/goias.gov.br\/abc\/wp-json\/wp\/v2\/posts\/144678\/revisions\/145034"}],"wp:featuredmedia":[{"embeddable":true,"href":"https:\/\/goias.gov.br\/abc\/wp-json\/wp\/v2\/media\/144680"}],"wp:attachment":[{"href":"https:\/\/goias.gov.br\/abc\/wp-json\/wp\/v2\/media?parent=144678"}],"wp:term":[{"taxonomy":"category","embeddable":true,"href":"https:\/\/goias.gov.br\/abc\/wp-json\/wp\/v2\/categories?post=144678"},{"taxonomy":"post_tag","embeddable":true,"href":"https:\/\/goias.gov.br\/abc\/wp-json\/wp\/v2\/tags?post=144678"}],"curies":[{"name":"wp","href":"https:\/\/api.w.org\/{rel}","templated":true}]}}