

{"id":144071,"date":"2026-02-05T15:00:00","date_gmt":"2026-02-05T18:00:00","guid":{"rendered":"https:\/\/goias.gov.br\/abc\/?p=144071"},"modified":"2026-02-05T16:12:41","modified_gmt":"2026-02-05T19:12:41","slug":"saude-intensifica-campanhas-de-prevencao-de-ist-no-carnaval","status":"publish","type":"post","link":"https:\/\/goias.gov.br\/abc\/saude-intensifica-campanhas-de-prevencao-de-ist-no-carnaval\/","title":{"rendered":"Sa\u00fade intensifica campanhas de preven\u00e7\u00e3o de IST no carnaval \u00a0"},"content":{"rendered":"\n<p>A Secretaria de Estado da Sa\u00fade (SES) tamb\u00e9m estar\u00e1 ao lado do foli\u00e3o goiano neste carnaval. Durante as festas momescas deste ano em todo o estado, equipes da SES v\u00e3o distribuir preservativos, autotestes de HIV e orienta\u00e7\u00f5es sobre formas de preven\u00e7\u00e3o das chamadas IST (Infec\u00e7\u00f5es Sexualmente Transmiss\u00edveis).<\/p>\n\n\n\n<p>Ana Paula Vieira de Deus, coordenadora de Apoio Estrat\u00e9gico em Aten\u00e7\u00e3o \u00e0s IST\/Aids e Agravos Transmiss\u00edveis da SES, esteve no est\u00fadio do <em>Jornal Brasil Central <\/em>nesta quinta-feira (5) falando do assunto. Segundo ela, apesar de infec\u00e7\u00f5es como a Aids terem tido suas letalidades reduzidas, o perfil dos infectados tem mudado, atingindo tamb\u00e9m pessoas da terceira idade, o que sugere que pr\u00e1ticas inseguras de rela\u00e7\u00e3o sexual ainda seguem em alta. &nbsp;&nbsp;<\/p>\n\n\n\n<p><strong>ABC Digital<\/strong><\/p>\n\n\n\n<figure class=\"wp-block-embed aligncenter is-type-video is-provider-youtube wp-block-embed-youtube wp-embed-aspect-16-9 wp-has-aspect-ratio\"><div class=\"wp-block-embed__wrapper\">\n<iframe title=\"Jornal Brasil Central |05-02-26| Governo intensifica preven\u00e7\u00e3o de ISTS no Carnaval\" width=\"500\" height=\"281\" src=\"https:\/\/www.youtube.com\/embed\/_OnvFPdZImo?feature=oembed\" frameborder=\"0\" allow=\"accelerometer; autoplay; clipboard-write; encrypted-media; gyroscope; picture-in-picture; web-share\" referrerpolicy=\"strict-origin-when-cross-origin\" allowfullscreen><\/iframe>\n<\/div><\/figure>\n","protected":false},"excerpt":{"rendered":"<p>A Secretaria de Estado da Sa\u00fade (SES) tamb\u00e9m estar\u00e1 ao lado do foli\u00e3o goiano neste carnaval. Durante as festas momescas deste ano em todo o estado, equipes da SES v\u00e3o distribuir preservativos, autotestes de HIV e orienta\u00e7\u00f5es sobre formas de preven\u00e7\u00e3o das chamadas IST (Infec\u00e7\u00f5es Sexualmente Transmiss\u00edveis). Ana Paula Vieira de Deus, coordenadora de Apoio [&hellip;]<\/p>\n","protected":false},"author":377,"featured_media":144091,"comment_status":"closed","ping_status":"open","sticky":false,"template":"","format":"standard","meta":{"footnotes":""},"categories":[39],"tags":[58],"class_list":["post-144071","post","type-post","status-publish","format-standard","has-post-thumbnail","hentry","category-noticias","tag-jornalismo"],"rttpg_featured_image_url":{"full":["https:\/\/goias.gov.br\/abc\/wp-content\/uploads\/sites\/23\/2026\/02\/2026.02.05_JBC_ISTS.jpg",1200,600,false],"landscape":["https:\/\/goias.gov.br\/abc\/wp-content\/uploads\/sites\/23\/2026\/02\/2026.02.05_JBC_ISTS.jpg",1200,600,false],"portraits":["https:\/\/goias.gov.br\/abc\/wp-content\/uploads\/sites\/23\/2026\/02\/2026.02.05_JBC_ISTS.jpg",1200,600,false],"thumbnail":["https:\/\/goias.gov.br\/abc\/wp-content\/uploads\/sites\/23\/2026\/02\/2026.02.05_JBC_ISTS-150x150.jpg",150,150,true],"medium":["https:\/\/goias.gov.br\/abc\/wp-content\/uploads\/sites\/23\/2026\/02\/2026.02.05_JBC_ISTS-300x150.jpg",300,150,true],"large":["https:\/\/goias.gov.br\/abc\/wp-content\/uploads\/sites\/23\/2026\/02\/2026.02.05_JBC_ISTS-1024x512.jpg",1024,512,true],"1536x1536":["https:\/\/goias.gov.br\/abc\/wp-content\/uploads\/sites\/23\/2026\/02\/2026.02.05_JBC_ISTS.jpg",1200,600,false],"2048x2048":["https:\/\/goias.gov.br\/abc\/wp-content\/uploads\/sites\/23\/2026\/02\/2026.02.05_JBC_ISTS.jpg",1200,600,false]},"rttpg_author":{"display_name":"edsonfonseca","author_link":"https:\/\/goias.gov.br\/abc\/author\/edsonfonseca\/"},"rttpg_comment":0,"rttpg_category":"<a href=\"https:\/\/goias.gov.br\/abc\/categoria\/institucional\/noticias\/\" rel=\"category tag\">Not\u00edcias<\/a>","rttpg_excerpt":"A Secretaria de Estado da Sa\u00fade (SES) tamb\u00e9m estar\u00e1 ao lado do foli\u00e3o goiano neste carnaval. Durante as festas momescas deste ano em todo o estado, equipes da SES v\u00e3o distribuir preservativos, autotestes de HIV e orienta\u00e7\u00f5es sobre formas de preven\u00e7\u00e3o das chamadas IST (Infec\u00e7\u00f5es Sexualmente Transmiss\u00edveis). Ana Paula Vieira de Deus, coordenadora de Apoio&hellip;","_links":{"self":[{"href":"https:\/\/goias.gov.br\/abc\/wp-json\/wp\/v2\/posts\/144071","targetHints":{"allow":["GET"]}}],"collection":[{"href":"https:\/\/goias.gov.br\/abc\/wp-json\/wp\/v2\/posts"}],"about":[{"href":"https:\/\/goias.gov.br\/abc\/wp-json\/wp\/v2\/types\/post"}],"author":[{"embeddable":true,"href":"https:\/\/goias.gov.br\/abc\/wp-json\/wp\/v2\/users\/377"}],"replies":[{"embeddable":true,"href":"https:\/\/goias.gov.br\/abc\/wp-json\/wp\/v2\/comments?post=144071"}],"version-history":[{"count":2,"href":"https:\/\/goias.gov.br\/abc\/wp-json\/wp\/v2\/posts\/144071\/revisions"}],"predecessor-version":[{"id":144100,"href":"https:\/\/goias.gov.br\/abc\/wp-json\/wp\/v2\/posts\/144071\/revisions\/144100"}],"wp:featuredmedia":[{"embeddable":true,"href":"https:\/\/goias.gov.br\/abc\/wp-json\/wp\/v2\/media\/144091"}],"wp:attachment":[{"href":"https:\/\/goias.gov.br\/abc\/wp-json\/wp\/v2\/media?parent=144071"}],"wp:term":[{"taxonomy":"category","embeddable":true,"href":"https:\/\/goias.gov.br\/abc\/wp-json\/wp\/v2\/categories?post=144071"},{"taxonomy":"post_tag","embeddable":true,"href":"https:\/\/goias.gov.br\/abc\/wp-json\/wp\/v2\/tags?post=144071"}],"curies":[{"name":"wp","href":"https:\/\/api.w.org\/{rel}","templated":true}]}}