

{"id":141787,"date":"2026-02-02T18:30:00","date_gmt":"2026-02-02T21:30:00","guid":{"rendered":"https:\/\/goias.gov.br\/abc\/?p=141787"},"modified":"2026-02-03T09:33:10","modified_gmt":"2026-02-03T12:33:10","slug":"tbc-esporte-faz-balanco-do-classico-do-goianao","status":"publish","type":"post","link":"https:\/\/goias.gov.br\/abc\/tbc-esporte-faz-balanco-do-classico-do-goianao\/","title":{"rendered":"TBC Esporte faz balan\u00e7o do cl\u00e1ssico do Goian\u00e3o"},"content":{"rendered":"\n<p>O <em>TBC Esporte<\/em> abriu a noite de segunda-feira (26) aquecendo o debate sobre o futebol nacional e regional. Apresentado pela jornalista Tha\u00eds Freitas, o programa contou com os coment\u00e1rios de Evandro Gomes, Jos\u00e9 Roberto Silva e L\u00edvio Luciano. A edi\u00e7\u00e3o repercutiu a vit\u00f3ria do Corinthians sobre o Flamengo na Supercopa do Brasil, trouxe avalia\u00e7\u00f5es sobre os pr\u00f3ximos amistosos da sele\u00e7\u00e3o brasileira e mergulhou na rodada do Goian\u00e3o 2026, com aten\u00e7\u00e3o especial ao cl\u00e1ssico entre Goi\u00e1s e Vila Nova \u2014 vencido pelo time esmeraldino, que quebrou o tabu e assumiu a lideran\u00e7a do campeonato.<\/p>\n\n\n\n<p>No est\u00fadio, os comentaristas tamb\u00e9m discutiram a arbitragem, analisaram os principais destaques individuais da partida e repercutiram entrevistas com t\u00e9cnicos e jogadores. Sobre o cl\u00e1ssico, Jos\u00e9 Roberto Silva foi enf\u00e1tico: \u201cO Goi\u00e1s venceu por merecimento, o Goi\u00e1s est\u00e1 apresentando o melhor futebol, o placar poderia ter sido at\u00e9 mais el\u00e1stico.\u201d A mesa ainda projetou os preparativos para as quartas de final do Goian\u00e3o.<\/p>\n\n\n\n<p><strong>ABC Digital <\/strong><\/p>\n\n\n\n<p><\/p>\n","protected":false},"excerpt":{"rendered":"<p>O TBC Esporte abriu a noite de segunda-feira (26) aquecendo o debate sobre o futebol nacional e regional. Apresentado pela jornalista Tha\u00eds Freitas, o programa contou com os coment\u00e1rios de Evandro Gomes, Jos\u00e9 Roberto Silva e L\u00edvio Luciano. A edi\u00e7\u00e3o repercutiu a vit\u00f3ria do Corinthians sobre o Flamengo na Supercopa do Brasil, trouxe avalia\u00e7\u00f5es sobre [&hellip;]<\/p>\n","protected":false},"author":380,"featured_media":141789,"comment_status":"closed","ping_status":"open","sticky":false,"template":"","format":"standard","meta":{"footnotes":""},"categories":[39],"tags":[57],"class_list":["post-141787","post","type-post","status-publish","format-standard","has-post-thumbnail","hentry","category-noticias","tag-programacao"],"rttpg_featured_image_url":{"full":["https:\/\/goias.gov.br\/abc\/wp-content\/uploads\/sites\/23\/2026\/02\/02.02_ESPORTES.jpg",1200,600,false],"landscape":["https:\/\/goias.gov.br\/abc\/wp-content\/uploads\/sites\/23\/2026\/02\/02.02_ESPORTES.jpg",1200,600,false],"portraits":["https:\/\/goias.gov.br\/abc\/wp-content\/uploads\/sites\/23\/2026\/02\/02.02_ESPORTES.jpg",1200,600,false],"thumbnail":["https:\/\/goias.gov.br\/abc\/wp-content\/uploads\/sites\/23\/2026\/02\/02.02_ESPORTES-150x150.jpg",150,150,true],"medium":["https:\/\/goias.gov.br\/abc\/wp-content\/uploads\/sites\/23\/2026\/02\/02.02_ESPORTES-300x150.jpg",300,150,true],"large":["https:\/\/goias.gov.br\/abc\/wp-content\/uploads\/sites\/23\/2026\/02\/02.02_ESPORTES-1024x512.jpg",1024,512,true],"1536x1536":["https:\/\/goias.gov.br\/abc\/wp-content\/uploads\/sites\/23\/2026\/02\/02.02_ESPORTES.jpg",1200,600,false],"2048x2048":["https:\/\/goias.gov.br\/abc\/wp-content\/uploads\/sites\/23\/2026\/02\/02.02_ESPORTES.jpg",1200,600,false]},"rttpg_author":{"display_name":"nadialima","author_link":"https:\/\/goias.gov.br\/abc\/author\/nadialima\/"},"rttpg_comment":0,"rttpg_category":"<a href=\"https:\/\/goias.gov.br\/abc\/categoria\/institucional\/noticias\/\" rel=\"category tag\">Not\u00edcias<\/a>","rttpg_excerpt":"O TBC Esporte abriu a noite de segunda-feira (26) aquecendo o debate sobre o futebol nacional e regional. Apresentado pela jornalista Tha\u00eds Freitas, o programa contou com os coment\u00e1rios de Evandro Gomes, Jos\u00e9 Roberto Silva e L\u00edvio Luciano. A edi\u00e7\u00e3o repercutiu a vit\u00f3ria do Corinthians sobre o Flamengo na Supercopa do Brasil, trouxe avalia\u00e7\u00f5es sobre&hellip;","_links":{"self":[{"href":"https:\/\/goias.gov.br\/abc\/wp-json\/wp\/v2\/posts\/141787","targetHints":{"allow":["GET"]}}],"collection":[{"href":"https:\/\/goias.gov.br\/abc\/wp-json\/wp\/v2\/posts"}],"about":[{"href":"https:\/\/goias.gov.br\/abc\/wp-json\/wp\/v2\/types\/post"}],"author":[{"embeddable":true,"href":"https:\/\/goias.gov.br\/abc\/wp-json\/wp\/v2\/users\/380"}],"replies":[{"embeddable":true,"href":"https:\/\/goias.gov.br\/abc\/wp-json\/wp\/v2\/comments?post=141787"}],"version-history":[{"count":2,"href":"https:\/\/goias.gov.br\/abc\/wp-json\/wp\/v2\/posts\/141787\/revisions"}],"predecessor-version":[{"id":141888,"href":"https:\/\/goias.gov.br\/abc\/wp-json\/wp\/v2\/posts\/141787\/revisions\/141888"}],"wp:featuredmedia":[{"embeddable":true,"href":"https:\/\/goias.gov.br\/abc\/wp-json\/wp\/v2\/media\/141789"}],"wp:attachment":[{"href":"https:\/\/goias.gov.br\/abc\/wp-json\/wp\/v2\/media?parent=141787"}],"wp:term":[{"taxonomy":"category","embeddable":true,"href":"https:\/\/goias.gov.br\/abc\/wp-json\/wp\/v2\/categories?post=141787"},{"taxonomy":"post_tag","embeddable":true,"href":"https:\/\/goias.gov.br\/abc\/wp-json\/wp\/v2\/tags?post=141787"}],"curies":[{"name":"wp","href":"https:\/\/api.w.org\/{rel}","templated":true}]}}