

{"id":140209,"date":"2026-01-29T15:00:00","date_gmt":"2026-01-29T18:00:00","guid":{"rendered":"https:\/\/goias.gov.br\/abc\/?p=140209"},"modified":"2026-01-29T19:40:00","modified_gmt":"2026-01-29T22:40:00","slug":"goiania-ganha-roteiro-turistico-de-predios-art-deco","status":"publish","type":"post","link":"https:\/\/goias.gov.br\/abc\/goiania-ganha-roteiro-turistico-de-predios-art-deco\/","title":{"rendered":"Goi\u00e2nia ganha roteiro tur\u00edstico de pr\u00e9dios art d\u00e9co"},"content":{"rendered":"\n<p>No centen\u00e1rio do movimento art d\u00e9co pelo mundo, Goi\u00e2nia ter\u00e1 um roteiro tur\u00edstico de sua arquitetura nessa linguagem. O projeto foi lan\u00e7ado nesta quinta-feira (29) pela Ag\u00eancia Municipal de Turismo e Evento de Goi\u00e2nia (Goi\u00e2niaTur) com as presen\u00e7as do governador Ronaldo Caiado e do prefeito da capital Sandro Mabel.<\/p>\n\n\n\n<p>Equipe de reportagem do <em>Jornal Brasil Central<\/em> acompanhou a solenidade entrevistando a presidente da Goi\u00e2niaTur, N\u00e1rcia Kelly, o prefeito Mabel e o governador Caiado. O roteiro vai reunir os principais pr\u00e9dios hist\u00f3ricos da capital que exibem o estilo art d\u00e9co. Muitos deles foram ou est\u00e3o sendo reformados pelo governo estadual. O governador ressaltou a import\u00e2ncia do resgate que vai al\u00e9m do car\u00e1ter cultural, mantendo o estilo hist\u00f3rico mas atualizando a usabilidade dos pr\u00e9dios p\u00fablicos. &nbsp;&nbsp;<\/p>\n\n\n\n<p><strong>ABC Digital<\/strong><\/p>\n\n\n\n<p><\/p>\n","protected":false},"excerpt":{"rendered":"<p>No centen\u00e1rio do movimento art d\u00e9co pelo mundo, Goi\u00e2nia ter\u00e1 um roteiro tur\u00edstico de sua arquitetura nessa linguagem. O projeto foi lan\u00e7ado nesta quinta-feira (29) pela Ag\u00eancia Municipal de Turismo e Evento de Goi\u00e2nia (Goi\u00e2niaTur) com as presen\u00e7as do governador Ronaldo Caiado e do prefeito da capital Sandro Mabel. Equipe de reportagem do Jornal Brasil [&hellip;]<\/p>\n","protected":false},"author":377,"featured_media":140222,"comment_status":"closed","ping_status":"open","sticky":false,"template":"","format":"standard","meta":{"footnotes":""},"categories":[39],"tags":[58],"class_list":["post-140209","post","type-post","status-publish","format-standard","has-post-thumbnail","hentry","category-noticias","tag-jornalismo"],"rttpg_featured_image_url":{"full":["https:\/\/goias.gov.br\/abc\/wp-content\/uploads\/sites\/23\/2026\/01\/2026.01.29_JBC_ARTDECO.jpg",1200,600,false],"landscape":["https:\/\/goias.gov.br\/abc\/wp-content\/uploads\/sites\/23\/2026\/01\/2026.01.29_JBC_ARTDECO.jpg",1200,600,false],"portraits":["https:\/\/goias.gov.br\/abc\/wp-content\/uploads\/sites\/23\/2026\/01\/2026.01.29_JBC_ARTDECO.jpg",1200,600,false],"thumbnail":["https:\/\/goias.gov.br\/abc\/wp-content\/uploads\/sites\/23\/2026\/01\/2026.01.29_JBC_ARTDECO-150x150.jpg",150,150,true],"medium":["https:\/\/goias.gov.br\/abc\/wp-content\/uploads\/sites\/23\/2026\/01\/2026.01.29_JBC_ARTDECO-300x150.jpg",300,150,true],"large":["https:\/\/goias.gov.br\/abc\/wp-content\/uploads\/sites\/23\/2026\/01\/2026.01.29_JBC_ARTDECO-1024x512.jpg",1024,512,true],"1536x1536":["https:\/\/goias.gov.br\/abc\/wp-content\/uploads\/sites\/23\/2026\/01\/2026.01.29_JBC_ARTDECO.jpg",1200,600,false],"2048x2048":["https:\/\/goias.gov.br\/abc\/wp-content\/uploads\/sites\/23\/2026\/01\/2026.01.29_JBC_ARTDECO.jpg",1200,600,false]},"rttpg_author":{"display_name":"edsonfonseca","author_link":"https:\/\/goias.gov.br\/abc\/author\/edsonfonseca\/"},"rttpg_comment":0,"rttpg_category":"<a href=\"https:\/\/goias.gov.br\/abc\/categoria\/institucional\/noticias\/\" rel=\"category tag\">Not\u00edcias<\/a>","rttpg_excerpt":"No centen\u00e1rio do movimento art d\u00e9co pelo mundo, Goi\u00e2nia ter\u00e1 um roteiro tur\u00edstico de sua arquitetura nessa linguagem. O projeto foi lan\u00e7ado nesta quinta-feira (29) pela Ag\u00eancia Municipal de Turismo e Evento de Goi\u00e2nia (Goi\u00e2niaTur) com as presen\u00e7as do governador Ronaldo Caiado e do prefeito da capital Sandro Mabel. Equipe de reportagem do Jornal Brasil&hellip;","_links":{"self":[{"href":"https:\/\/goias.gov.br\/abc\/wp-json\/wp\/v2\/posts\/140209","targetHints":{"allow":["GET"]}}],"collection":[{"href":"https:\/\/goias.gov.br\/abc\/wp-json\/wp\/v2\/posts"}],"about":[{"href":"https:\/\/goias.gov.br\/abc\/wp-json\/wp\/v2\/types\/post"}],"author":[{"embeddable":true,"href":"https:\/\/goias.gov.br\/abc\/wp-json\/wp\/v2\/users\/377"}],"replies":[{"embeddable":true,"href":"https:\/\/goias.gov.br\/abc\/wp-json\/wp\/v2\/comments?post=140209"}],"version-history":[{"count":2,"href":"https:\/\/goias.gov.br\/abc\/wp-json\/wp\/v2\/posts\/140209\/revisions"}],"predecessor-version":[{"id":140298,"href":"https:\/\/goias.gov.br\/abc\/wp-json\/wp\/v2\/posts\/140209\/revisions\/140298"}],"wp:featuredmedia":[{"embeddable":true,"href":"https:\/\/goias.gov.br\/abc\/wp-json\/wp\/v2\/media\/140222"}],"wp:attachment":[{"href":"https:\/\/goias.gov.br\/abc\/wp-json\/wp\/v2\/media?parent=140209"}],"wp:term":[{"taxonomy":"category","embeddable":true,"href":"https:\/\/goias.gov.br\/abc\/wp-json\/wp\/v2\/categories?post=140209"},{"taxonomy":"post_tag","embeddable":true,"href":"https:\/\/goias.gov.br\/abc\/wp-json\/wp\/v2\/tags?post=140209"}],"curies":[{"name":"wp","href":"https:\/\/api.w.org\/{rel}","templated":true}]}}