

{"id":132894,"date":"2025-12-30T08:00:00","date_gmt":"2025-12-30T11:00:00","guid":{"rendered":"https:\/\/goias.gov.br\/abc\/?p=132894"},"modified":"2025-12-29T13:12:33","modified_gmt":"2025-12-29T16:12:33","slug":"tbc-pop-apresenta-retrospectiva-2025","status":"publish","type":"post","link":"https:\/\/goias.gov.br\/abc\/tbc-pop-apresenta-retrospectiva-2025\/","title":{"rendered":"TBC Pop apresenta retrospectiva 2025"},"content":{"rendered":"\n<p>O <em>TBC Pop<\/em> desta ter\u00e7a-feira (30), apresentado por Mariana Gidr\u00e3o, encerra 2025 celebrando uma temporada marcada por encontros, hist\u00f3rias e conte\u00fados que aproximaram o p\u00fablico da cultura e do entretenimento. Ao longo do ano, o programa apresentou edi\u00e7\u00f5es especiais e quadros que refor\u00e7aram sua identidade leve, din\u00e2mica e popular. O <em>TBC Pop<\/em> vai ao ar a partir das 16 horas.<\/p>\n\n\n\n<p>A retrospectiva re\u00fane momentos marcantes com participa\u00e7\u00f5es especiais no <em>Hora Pop<\/em>, recebendo nomes como Maristela Muller, Luizinho de Aracaju, Gabriel Freitas, Bia Lasmar, Zabumba Beach, MPB Samba, Lucas Souza e a dupla Kelvin e Yuri, valorizando diferentes express\u00f5es art\u00edsticas.<\/p>\n\n\n\n<p>O encerramento acontece com o <em>Natal do Bem \u00e9 Pop<\/em>, consolidando o <em>TBC Pop<\/em> como um espa\u00e7o de celebra\u00e7\u00e3o, conex\u00e3o e proximidade com o p\u00fablico.<\/p>\n\n\n\n<p><strong>ABC Digital<\/strong><\/p>\n","protected":false},"excerpt":{"rendered":"<p>O TBC Pop desta ter\u00e7a-feira (30), apresentado por Mariana Gidr\u00e3o, encerra 2025 celebrando uma temporada marcada por encontros, hist\u00f3rias e conte\u00fados que aproximaram o p\u00fablico da cultura e do entretenimento. Ao longo do ano, o programa apresentou edi\u00e7\u00f5es especiais e quadros que refor\u00e7aram sua identidade leve, din\u00e2mica e popular. O TBC Pop vai ao ar [&hellip;]<\/p>\n","protected":false},"author":379,"featured_media":132908,"comment_status":"closed","ping_status":"open","sticky":false,"template":"","format":"standard","meta":{"footnotes":""},"categories":[39],"tags":[57],"class_list":["post-132894","post","type-post","status-publish","format-standard","has-post-thumbnail","hentry","category-noticias","tag-programacao"],"rttpg_featured_image_url":{"full":["https:\/\/goias.gov.br\/abc\/wp-content\/uploads\/sites\/23\/2025\/12\/2025.12.30_TBC_POP.jpg",1200,600,false],"landscape":["https:\/\/goias.gov.br\/abc\/wp-content\/uploads\/sites\/23\/2025\/12\/2025.12.30_TBC_POP.jpg",1200,600,false],"portraits":["https:\/\/goias.gov.br\/abc\/wp-content\/uploads\/sites\/23\/2025\/12\/2025.12.30_TBC_POP.jpg",1200,600,false],"thumbnail":["https:\/\/goias.gov.br\/abc\/wp-content\/uploads\/sites\/23\/2025\/12\/2025.12.30_TBC_POP-150x150.jpg",150,150,true],"medium":["https:\/\/goias.gov.br\/abc\/wp-content\/uploads\/sites\/23\/2025\/12\/2025.12.30_TBC_POP-300x150.jpg",300,150,true],"large":["https:\/\/goias.gov.br\/abc\/wp-content\/uploads\/sites\/23\/2025\/12\/2025.12.30_TBC_POP-1024x512.jpg",1024,512,true],"1536x1536":["https:\/\/goias.gov.br\/abc\/wp-content\/uploads\/sites\/23\/2025\/12\/2025.12.30_TBC_POP.jpg",1200,600,false],"2048x2048":["https:\/\/goias.gov.br\/abc\/wp-content\/uploads\/sites\/23\/2025\/12\/2025.12.30_TBC_POP.jpg",1200,600,false]},"rttpg_author":{"display_name":"marizasantana","author_link":"https:\/\/goias.gov.br\/abc\/author\/marizasantana\/"},"rttpg_comment":0,"rttpg_category":"<a href=\"https:\/\/goias.gov.br\/abc\/categoria\/institucional\/noticias\/\" rel=\"category tag\">Not\u00edcias<\/a>","rttpg_excerpt":"O TBC Pop desta ter\u00e7a-feira (30), apresentado por Mariana Gidr\u00e3o, encerra 2025 celebrando uma temporada marcada por encontros, hist\u00f3rias e conte\u00fados que aproximaram o p\u00fablico da cultura e do entretenimento. Ao longo do ano, o programa apresentou edi\u00e7\u00f5es especiais e quadros que refor\u00e7aram sua identidade leve, din\u00e2mica e popular. O TBC Pop vai ao ar&hellip;","_links":{"self":[{"href":"https:\/\/goias.gov.br\/abc\/wp-json\/wp\/v2\/posts\/132894","targetHints":{"allow":["GET"]}}],"collection":[{"href":"https:\/\/goias.gov.br\/abc\/wp-json\/wp\/v2\/posts"}],"about":[{"href":"https:\/\/goias.gov.br\/abc\/wp-json\/wp\/v2\/types\/post"}],"author":[{"embeddable":true,"href":"https:\/\/goias.gov.br\/abc\/wp-json\/wp\/v2\/users\/379"}],"replies":[{"embeddable":true,"href":"https:\/\/goias.gov.br\/abc\/wp-json\/wp\/v2\/comments?post=132894"}],"version-history":[{"count":1,"href":"https:\/\/goias.gov.br\/abc\/wp-json\/wp\/v2\/posts\/132894\/revisions"}],"predecessor-version":[{"id":132895,"href":"https:\/\/goias.gov.br\/abc\/wp-json\/wp\/v2\/posts\/132894\/revisions\/132895"}],"wp:featuredmedia":[{"embeddable":true,"href":"https:\/\/goias.gov.br\/abc\/wp-json\/wp\/v2\/media\/132908"}],"wp:attachment":[{"href":"https:\/\/goias.gov.br\/abc\/wp-json\/wp\/v2\/media?parent=132894"}],"wp:term":[{"taxonomy":"category","embeddable":true,"href":"https:\/\/goias.gov.br\/abc\/wp-json\/wp\/v2\/categories?post=132894"},{"taxonomy":"post_tag","embeddable":true,"href":"https:\/\/goias.gov.br\/abc\/wp-json\/wp\/v2\/tags?post=132894"}],"curies":[{"name":"wp","href":"https:\/\/api.w.org\/{rel}","templated":true}]}}