

{"id":131147,"date":"2025-12-17T08:00:00","date_gmt":"2025-12-17T11:00:00","guid":{"rendered":"https:\/\/goias.gov.br\/abc\/?p=131147"},"modified":"2025-12-17T11:04:57","modified_gmt":"2025-12-17T14:04:57","slug":"boa-noite-debate-cenario-politico-nacional","status":"publish","type":"post","link":"https:\/\/goias.gov.br\/abc\/boa-noite-debate-cenario-politico-nacional\/","title":{"rendered":"Boa Noite debate cen\u00e1rio pol\u00edtico nacional"},"content":{"rendered":"\n<p>A pol\u00edtica nacional deu o tom da edi\u00e7\u00e3o do <em>Boa Noite<\/em>, exibido na ter\u00e7a-feira (16) pela TV Brasil Central, ao colocar em pauta o embate entre o governador de Goi\u00e1s, Ronaldo Caiado, e o presidente Luiz In\u00e1cio Lula da Silva. O programa analisou o tema \u201cCaiado desafia Lula: \u2018Vem pro debate\u2019\u201d, a partir da declara\u00e7\u00e3o do presidente de que pretende percorrer o pa\u00eds no pr\u00f3ximo ano para comparar as pol\u00edticas sociais do governo federal com as de estados administrados pela oposi\u00e7\u00e3o, provoca\u00e7\u00e3o que foi prontamente rebatida por Caiado, que se disse disposto ao confronto de ideias.<\/p>\n\n\n\n<p>Durante a atra\u00e7\u00e3o, foram exibidos trechos do debate presidencial de 1989, quando Caiado e Lula disputaram a Presid\u00eancia da Rep\u00fablica. O programa tamb\u00e9m abriu espa\u00e7o para discutir as expectativas para os debates de 2026, que, segundo os comentaristas, podem repetir um clima de forte polariza\u00e7\u00e3o. A equipe da TV Brasil Central ainda ouviu as opini\u00f5es dos deputados federais Gustavo Gayer e Jos\u00e9 Nelto sobre as falas de Caiado e Lula. O <em>Boa Noite <\/em>tamb\u00e9m exibiu reportagem sobre vota\u00e7\u00e3o de projeto de lei na Assembleia Legislativa, que autorizou a ades\u00e3o do estado de Goi\u00e1s ao programa de Pleno Pagamento de D\u00edvidas dos Estados (Propag).<\/p>\n\n\n\n<p>Um dos convidados do programa, o advogado e comentarista pol\u00edtico Cl\u00e1udio Dias avaliou que a fala de Caiado reflete uma cobran\u00e7a por temas estruturais. \u201cA minha opini\u00e3o sobre a fala de Caiado \u00e9 exatamente a realidade. Quando voc\u00ea tem uma realidade posta, com n\u00fameros. O governo federal segue acreditando que dar uma bolsa, dar algo para a popula\u00e7\u00e3o de baixa renda vai trazer benef\u00edcios, mas o que precisa ser enfrentado realmente \u00e9 o que Caiado tem falado, que \u00e9 a quest\u00e3o da criminalidade, obras, a infla\u00e7\u00e3o alta e, em especial, o combate ao crime organizado\u201d, afirmou. J\u00e1 o vereador Sargento Novandir refor\u00e7ou que pol\u00edticas sociais n\u00e3o devem ser abandonadas. \u201cUma certeza que voc\u00ea pode ter \u00e9 que a direita jamais ir\u00e1 cancelar um benef\u00edcio. O governo do estado de Goi\u00e1s \u00e9 de direita e \u00e9 um dos estados em que o governo mais cuida das pessoas humildes e isso n\u00e3o vai acabar\u201d, declarou.<\/p>\n\n\n\n<p><strong>ABC Digital <\/strong><\/p>\n\n\n\n<figure class=\"wp-block-embed aligncenter is-type-video is-provider-youtube wp-block-embed-youtube wp-embed-aspect-16-9 wp-has-aspect-ratio\"><div class=\"wp-block-embed__wrapper\">\n<iframe title=\"CAIADO DESAFIA LULA: &quot;VEM PRO DEBATE&quot; | BOA NOITE GOI\u00c1S | 16\/12\/2025\" width=\"500\" height=\"281\" src=\"https:\/\/www.youtube.com\/embed\/Ml-40CBiR6g?feature=oembed\" frameborder=\"0\" allow=\"accelerometer; autoplay; clipboard-write; encrypted-media; gyroscope; picture-in-picture; web-share\" referrerpolicy=\"strict-origin-when-cross-origin\" allowfullscreen><\/iframe>\n<\/div><\/figure>\n","protected":false},"excerpt":{"rendered":"<p>A pol\u00edtica nacional deu o tom da edi\u00e7\u00e3o do Boa Noite, exibido na ter\u00e7a-feira (16) pela TV Brasil Central, ao colocar em pauta o embate entre o governador de Goi\u00e1s, Ronaldo Caiado, e o presidente Luiz In\u00e1cio Lula da Silva. O programa analisou o tema \u201cCaiado desafia Lula: \u2018Vem pro debate\u2019\u201d, a partir da declara\u00e7\u00e3o [&hellip;]<\/p>\n","protected":false},"author":380,"featured_media":131155,"comment_status":"closed","ping_status":"open","sticky":false,"template":"","format":"standard","meta":{"footnotes":""},"categories":[39],"tags":[57],"class_list":["post-131147","post","type-post","status-publish","format-standard","has-post-thumbnail","hentry","category-noticias","tag-programacao"],"rttpg_featured_image_url":{"full":["https:\/\/goias.gov.br\/abc\/wp-content\/uploads\/sites\/23\/2025\/12\/17.12_BNG_NOVANDIR_CLAUDIO.jpg",1200,600,false],"landscape":["https:\/\/goias.gov.br\/abc\/wp-content\/uploads\/sites\/23\/2025\/12\/17.12_BNG_NOVANDIR_CLAUDIO.jpg",1200,600,false],"portraits":["https:\/\/goias.gov.br\/abc\/wp-content\/uploads\/sites\/23\/2025\/12\/17.12_BNG_NOVANDIR_CLAUDIO.jpg",1200,600,false],"thumbnail":["https:\/\/goias.gov.br\/abc\/wp-content\/uploads\/sites\/23\/2025\/12\/17.12_BNG_NOVANDIR_CLAUDIO-150x150.jpg",150,150,true],"medium":["https:\/\/goias.gov.br\/abc\/wp-content\/uploads\/sites\/23\/2025\/12\/17.12_BNG_NOVANDIR_CLAUDIO-300x150.jpg",300,150,true],"large":["https:\/\/goias.gov.br\/abc\/wp-content\/uploads\/sites\/23\/2025\/12\/17.12_BNG_NOVANDIR_CLAUDIO-1024x512.jpg",1024,512,true],"1536x1536":["https:\/\/goias.gov.br\/abc\/wp-content\/uploads\/sites\/23\/2025\/12\/17.12_BNG_NOVANDIR_CLAUDIO.jpg",1200,600,false],"2048x2048":["https:\/\/goias.gov.br\/abc\/wp-content\/uploads\/sites\/23\/2025\/12\/17.12_BNG_NOVANDIR_CLAUDIO.jpg",1200,600,false]},"rttpg_author":{"display_name":"nadialima","author_link":"https:\/\/goias.gov.br\/abc\/author\/nadialima\/"},"rttpg_comment":0,"rttpg_category":"<a href=\"https:\/\/goias.gov.br\/abc\/categoria\/institucional\/noticias\/\" rel=\"category tag\">Not\u00edcias<\/a>","rttpg_excerpt":"A pol\u00edtica nacional deu o tom da edi\u00e7\u00e3o do Boa Noite, exibido na ter\u00e7a-feira (16) pela TV Brasil Central, ao colocar em pauta o embate entre o governador de Goi\u00e1s, Ronaldo Caiado, e o presidente Luiz In\u00e1cio Lula da Silva. O programa analisou o tema \u201cCaiado desafia Lula: \u2018Vem pro debate\u2019\u201d, a partir da declara\u00e7\u00e3o&hellip;","_links":{"self":[{"href":"https:\/\/goias.gov.br\/abc\/wp-json\/wp\/v2\/posts\/131147","targetHints":{"allow":["GET"]}}],"collection":[{"href":"https:\/\/goias.gov.br\/abc\/wp-json\/wp\/v2\/posts"}],"about":[{"href":"https:\/\/goias.gov.br\/abc\/wp-json\/wp\/v2\/types\/post"}],"author":[{"embeddable":true,"href":"https:\/\/goias.gov.br\/abc\/wp-json\/wp\/v2\/users\/380"}],"replies":[{"embeddable":true,"href":"https:\/\/goias.gov.br\/abc\/wp-json\/wp\/v2\/comments?post=131147"}],"version-history":[{"count":2,"href":"https:\/\/goias.gov.br\/abc\/wp-json\/wp\/v2\/posts\/131147\/revisions"}],"predecessor-version":[{"id":131223,"href":"https:\/\/goias.gov.br\/abc\/wp-json\/wp\/v2\/posts\/131147\/revisions\/131223"}],"wp:featuredmedia":[{"embeddable":true,"href":"https:\/\/goias.gov.br\/abc\/wp-json\/wp\/v2\/media\/131155"}],"wp:attachment":[{"href":"https:\/\/goias.gov.br\/abc\/wp-json\/wp\/v2\/media?parent=131147"}],"wp:term":[{"taxonomy":"category","embeddable":true,"href":"https:\/\/goias.gov.br\/abc\/wp-json\/wp\/v2\/categories?post=131147"},{"taxonomy":"post_tag","embeddable":true,"href":"https:\/\/goias.gov.br\/abc\/wp-json\/wp\/v2\/tags?post=131147"}],"curies":[{"name":"wp","href":"https:\/\/api.w.org\/{rel}","templated":true}]}}