

{"id":130847,"date":"2025-12-16T14:30:00","date_gmt":"2025-12-16T17:30:00","guid":{"rendered":"https:\/\/goias.gov.br\/abc\/?p=130847"},"modified":"2025-12-16T15:43:21","modified_gmt":"2025-12-16T18:43:21","slug":"saude-convoca-gestantes-pelo-celular-para-atualizacao-vacinal","status":"publish","type":"post","link":"https:\/\/goias.gov.br\/abc\/saude-convoca-gestantes-pelo-celular-para-atualizacao-vacinal\/","title":{"rendered":"Sa\u00fade convoca gestantes pelo celular para atualiza\u00e7\u00e3o vacinal"},"content":{"rendered":"\n<p>A Secretaria de Estado da Sa\u00fade (SES) est\u00e1 recorrendo ao celular para convocar mulheres gr\u00e1vidas a se vacinarem. A ideia \u00e9 lembrar por mensagem \u00e0s gestantes da necessidade de ir ao posto de vacina\u00e7\u00e3o mais pr\u00f3ximo e tomar especialmente a vacina contra bronquiolite. Esta vacina \u00e9 recomendada entre a 28\u00aa semana de gravidez e 14 dias antes do parto. &nbsp;&nbsp;<\/p>\n\n\n\n<p>Equipe de reportagem do <em>Jornal Brasil Central<\/em> esteve num centro p\u00fablico de sa\u00fade para abordar o assunto. A vacina contra o v\u00edrus da bronquiolite come\u00e7ou a ser disponibilizada na \u00faltima semana em todos os munic\u00edpios goianos. A meta \u00e9 imunizar cerca de 91 mil gestantes em todo o estado. A reportagem ouviu mulheres que j\u00e1 tomaram a vacina e a gerente de Imuniza\u00e7\u00e3o da SES, Joice Dorneles. &nbsp;<\/p>\n\n\n\n<p><strong>ABC Digital<\/strong><\/p>\n\n\n\n<figure class=\"wp-block-embed aligncenter is-type-video is-provider-youtube wp-block-embed-youtube wp-embed-aspect-16-9 wp-has-aspect-ratio\"><div class=\"wp-block-embed__wrapper\">\n<iframe title=\"Jornal Brasil Central |16-12| Vacina\u00e7\u00e3o: Secretaria de Sa\u00fade convoca Gravidas por Mensagem  Celular\" width=\"500\" height=\"281\" src=\"https:\/\/www.youtube.com\/embed\/esm6auhBefg?feature=oembed\" frameborder=\"0\" allow=\"accelerometer; autoplay; clipboard-write; encrypted-media; gyroscope; picture-in-picture; web-share\" referrerpolicy=\"strict-origin-when-cross-origin\" allowfullscreen><\/iframe>\n<\/div><\/figure>\n","protected":false},"excerpt":{"rendered":"<p>A Secretaria de Estado da Sa\u00fade (SES) est\u00e1 recorrendo ao celular para convocar mulheres gr\u00e1vidas a se vacinarem. A ideia \u00e9 lembrar por mensagem \u00e0s gestantes da necessidade de ir ao posto de vacina\u00e7\u00e3o mais pr\u00f3ximo e tomar especialmente a vacina contra bronquiolite. Esta vacina \u00e9 recomendada entre a 28\u00aa semana de gravidez e 14 [&hellip;]<\/p>\n","protected":false},"author":377,"featured_media":130830,"comment_status":"closed","ping_status":"open","sticky":false,"template":"","format":"standard","meta":{"footnotes":""},"categories":[39],"tags":[58],"class_list":["post-130847","post","type-post","status-publish","format-standard","has-post-thumbnail","hentry","category-noticias","tag-jornalismo"],"rttpg_featured_image_url":{"full":["https:\/\/goias.gov.br\/abc\/wp-content\/uploads\/sites\/23\/2025\/12\/2025.12.16_JBC_BRONQUIOLITE.jpg",1200,600,false],"landscape":["https:\/\/goias.gov.br\/abc\/wp-content\/uploads\/sites\/23\/2025\/12\/2025.12.16_JBC_BRONQUIOLITE.jpg",1200,600,false],"portraits":["https:\/\/goias.gov.br\/abc\/wp-content\/uploads\/sites\/23\/2025\/12\/2025.12.16_JBC_BRONQUIOLITE.jpg",1200,600,false],"thumbnail":["https:\/\/goias.gov.br\/abc\/wp-content\/uploads\/sites\/23\/2025\/12\/2025.12.16_JBC_BRONQUIOLITE-150x150.jpg",150,150,true],"medium":["https:\/\/goias.gov.br\/abc\/wp-content\/uploads\/sites\/23\/2025\/12\/2025.12.16_JBC_BRONQUIOLITE-300x150.jpg",300,150,true],"large":["https:\/\/goias.gov.br\/abc\/wp-content\/uploads\/sites\/23\/2025\/12\/2025.12.16_JBC_BRONQUIOLITE-1024x512.jpg",1024,512,true],"1536x1536":["https:\/\/goias.gov.br\/abc\/wp-content\/uploads\/sites\/23\/2025\/12\/2025.12.16_JBC_BRONQUIOLITE.jpg",1200,600,false],"2048x2048":["https:\/\/goias.gov.br\/abc\/wp-content\/uploads\/sites\/23\/2025\/12\/2025.12.16_JBC_BRONQUIOLITE.jpg",1200,600,false]},"rttpg_author":{"display_name":"edsonfonseca","author_link":"https:\/\/goias.gov.br\/abc\/author\/edsonfonseca\/"},"rttpg_comment":0,"rttpg_category":"<a href=\"https:\/\/goias.gov.br\/abc\/categoria\/institucional\/noticias\/\" rel=\"category tag\">Not\u00edcias<\/a>","rttpg_excerpt":"A Secretaria de Estado da Sa\u00fade (SES) est\u00e1 recorrendo ao celular para convocar mulheres gr\u00e1vidas a se vacinarem. A ideia \u00e9 lembrar por mensagem \u00e0s gestantes da necessidade de ir ao posto de vacina\u00e7\u00e3o mais pr\u00f3ximo e tomar especialmente a vacina contra bronquiolite. Esta vacina \u00e9 recomendada entre a 28\u00aa semana de gravidez e 14&hellip;","_links":{"self":[{"href":"https:\/\/goias.gov.br\/abc\/wp-json\/wp\/v2\/posts\/130847","targetHints":{"allow":["GET"]}}],"collection":[{"href":"https:\/\/goias.gov.br\/abc\/wp-json\/wp\/v2\/posts"}],"about":[{"href":"https:\/\/goias.gov.br\/abc\/wp-json\/wp\/v2\/types\/post"}],"author":[{"embeddable":true,"href":"https:\/\/goias.gov.br\/abc\/wp-json\/wp\/v2\/users\/377"}],"replies":[{"embeddable":true,"href":"https:\/\/goias.gov.br\/abc\/wp-json\/wp\/v2\/comments?post=130847"}],"version-history":[{"count":2,"href":"https:\/\/goias.gov.br\/abc\/wp-json\/wp\/v2\/posts\/130847\/revisions"}],"predecessor-version":[{"id":130864,"href":"https:\/\/goias.gov.br\/abc\/wp-json\/wp\/v2\/posts\/130847\/revisions\/130864"}],"wp:featuredmedia":[{"embeddable":true,"href":"https:\/\/goias.gov.br\/abc\/wp-json\/wp\/v2\/media\/130830"}],"wp:attachment":[{"href":"https:\/\/goias.gov.br\/abc\/wp-json\/wp\/v2\/media?parent=130847"}],"wp:term":[{"taxonomy":"category","embeddable":true,"href":"https:\/\/goias.gov.br\/abc\/wp-json\/wp\/v2\/categories?post=130847"},{"taxonomy":"post_tag","embeddable":true,"href":"https:\/\/goias.gov.br\/abc\/wp-json\/wp\/v2\/tags?post=130847"}],"curies":[{"name":"wp","href":"https:\/\/api.w.org\/{rel}","templated":true}]}}