

{"id":129122,"date":"2025-12-11T10:30:00","date_gmt":"2025-12-11T13:30:00","guid":{"rendered":"https:\/\/goias.gov.br\/abc\/?p=129122"},"modified":"2025-12-11T14:01:54","modified_gmt":"2025-12-11T17:01:54","slug":"projeto-de-requalificacao-do-complexo-serra-dourada-e-apresentado","status":"publish","type":"post","link":"https:\/\/goias.gov.br\/abc\/projeto-de-requalificacao-do-complexo-serra-dourada-e-apresentado\/","title":{"rendered":"Projeto de requalifica\u00e7\u00e3o do Complexo Serra Dourada \u00e9 apresentado"},"content":{"rendered":"\n<p>Capacidade para 44 mil torcedores em jogos de futebol e at\u00e9 60 mi pessoas em shows, al\u00e9m de requalifica\u00e7\u00e3o e revitaliza\u00e7\u00e3o do gin\u00e1sio Goi\u00e2nia Arena e repagina\u00e7\u00e3o de toda a \u00e1rea externa adjacente \u00e0s duas pra\u00e7as esportivas. Essas s\u00e3o inova\u00e7\u00f5es e melhorias a serem executadas na principal pra\u00e7a de esportes do Centro-Oeste, o Complexo Serra Dourada, que se transformar\u00e1 num polo de uso di\u00e1rio, integrando esporte, cultura, lazer e turismo. O projeto foi apresentado na quarta-feira (10) pelo governador Ronaldo Caiado, ao lado do vice-governador Daniel Vilela, secret\u00e1rios e outras autoridades do estado, al\u00e9m do diretor da Construcap, Samuel Lloyd. O evento teve cobertura especial da TV Brasil Central.<\/p>\n\n\n\n<p>O Grupo Construcap, que j\u00e1 administra o complexo do Mineir\u00e3o, em Belo Horizonte, e do Parque Ibirapuera, em S\u00e3o Paulo, \u00e9 a empresa vencedora do leil\u00e3o para gerir o complexo nos pr\u00f3ximos 35 anos. Os investimentos devem superar R$ 300 milh\u00f5es, a serem aplicados de maio de 2026 a maio de 2028. \u201cEm 2028 j\u00e1 poderemos ver aqui todas as mudan\u00e7as que v\u00e3o transformar o Complexo Serra Dourada na mais bela \u00e1rea de esporte, cultura e lazer do pa\u00eds, principalmente por sua localiza\u00e7\u00e3o privilegiada e dimens\u00e3o dos espa\u00e7os em que est\u00e1 situado\u201d, afirmou Ronaldo Caiado.<\/p>\n\n\n\n<p><strong>Diversifica\u00e7\u00e3o<\/strong><\/p>\n\n\n\n<p>O vice-governador Daniel Vilela, que liderou todo o processo de concess\u00e3o e moderniza\u00e7\u00e3o do complexo, refor\u00e7ou que o espa\u00e7o passar\u00e1 por um novo momento a partir das interven\u00e7\u00f5es. \u201cTeremos um desenvolvimento muito forte. O espa\u00e7o se transformar\u00e1 em um local adequado para de jogos de futebol, com capacidade para receber grandes partidas, inclusive da Sele\u00e7\u00e3o Brasileira, mas tamb\u00e9m ser\u00e1 um equipamento totalmente preparado para receber grandes eventos nacionais e internacionais de entretenimento\u201d, destacou ele.<\/p>\n\n\n\n<p>O diretor comercial da Construcap, Samuel Lloyd, informou que todo o complexo passar\u00e1 por transforma\u00e7\u00f5es, mas a arquitetura do Serra Dourada ser\u00e1 mantida. \u201cTeremos interven\u00e7\u00f5es no est\u00e1dio, no gin\u00e1sio Goi\u00e2nia Arena, no Parque da Crian\u00e7a, nos estacionamentos e na urbaniza\u00e7\u00e3o de toda a \u00e1rea\u201d, detalhou. Ele comentou ainda que haver\u00e1 uma completa mudan\u00e7a de conceito, onde todos os p\u00fablicos ser\u00e3o contemplados nos m\u00faltiplos eventos a serem realizados.<\/p>\n\n\n\n<p>No gin\u00e1sio Goi\u00e2nia Arena, as principais mudan\u00e7as incluem instala\u00e7\u00e3o de fachada em LED, reestrutura\u00e7\u00e3o ac\u00fastica, camarotes e estrutura para grandes espet\u00e1culos. Al\u00e9m disso, a \u00e1rea externa do complexo ser\u00e1 transformada em um parque urbano poliesportivo aberto ao p\u00fablico, com ciclovia, pista de corrida, quadras poliesportivas e cria\u00e7\u00e3o de um parque linear com o plantio de \u00e1rvores nativas do cerrado. \u201cIremos consolidar Goi\u00e1s como um grande hub de entretenimento do Centro-Norte brasileiro\u201d, completou.<\/p>\n\n\n\n<p><strong>ABC Digital<\/strong><\/p>\n\n\n\n<figure class=\"wp-block-embed aligncenter is-type-video is-provider-youtube wp-block-embed-youtube wp-embed-aspect-16-9 wp-has-aspect-ratio\"><div class=\"wp-block-embed__wrapper\">\n<iframe title=\"O Mundo em sua Casa |11-12| Complexo Serra Dourada: Est\u00e1dio e Goi\u00e2nia Arena ser\u00e3o totalmente reforma\" width=\"500\" height=\"281\" src=\"https:\/\/www.youtube.com\/embed\/0sqz3pBIxSo?feature=oembed\" frameborder=\"0\" allow=\"accelerometer; autoplay; clipboard-write; encrypted-media; gyroscope; picture-in-picture; web-share\" referrerpolicy=\"strict-origin-when-cross-origin\" allowfullscreen><\/iframe>\n<\/div><\/figure>\n","protected":false},"excerpt":{"rendered":"<p>Capacidade para 44 mil torcedores em jogos de futebol e at\u00e9 60 mi pessoas em shows, al\u00e9m de requalifica\u00e7\u00e3o e revitaliza\u00e7\u00e3o do gin\u00e1sio Goi\u00e2nia Arena e repagina\u00e7\u00e3o de toda a \u00e1rea externa adjacente \u00e0s duas pra\u00e7as esportivas. Essas s\u00e3o inova\u00e7\u00f5es e melhorias a serem executadas na principal pra\u00e7a de esportes do Centro-Oeste, o Complexo Serra [&hellip;]<\/p>\n","protected":false},"author":381,"featured_media":129100,"comment_status":"closed","ping_status":"open","sticky":false,"template":"","format":"standard","meta":{"footnotes":""},"categories":[39],"tags":[58],"class_list":["post-129122","post","type-post","status-publish","format-standard","has-post-thumbnail","hentry","category-noticias","tag-jornalismo"],"rttpg_featured_image_url":{"full":["https:\/\/goias.gov.br\/abc\/wp-content\/uploads\/sites\/23\/2025\/12\/2025.12.11_OMESC_SERRADOURADA.jpg",1200,600,false],"landscape":["https:\/\/goias.gov.br\/abc\/wp-content\/uploads\/sites\/23\/2025\/12\/2025.12.11_OMESC_SERRADOURADA.jpg",1200,600,false],"portraits":["https:\/\/goias.gov.br\/abc\/wp-content\/uploads\/sites\/23\/2025\/12\/2025.12.11_OMESC_SERRADOURADA.jpg",1200,600,false],"thumbnail":["https:\/\/goias.gov.br\/abc\/wp-content\/uploads\/sites\/23\/2025\/12\/2025.12.11_OMESC_SERRADOURADA-150x150.jpg",150,150,true],"medium":["https:\/\/goias.gov.br\/abc\/wp-content\/uploads\/sites\/23\/2025\/12\/2025.12.11_OMESC_SERRADOURADA-300x150.jpg",300,150,true],"large":["https:\/\/goias.gov.br\/abc\/wp-content\/uploads\/sites\/23\/2025\/12\/2025.12.11_OMESC_SERRADOURADA-1024x512.jpg",1024,512,true],"1536x1536":["https:\/\/goias.gov.br\/abc\/wp-content\/uploads\/sites\/23\/2025\/12\/2025.12.11_OMESC_SERRADOURADA.jpg",1200,600,false],"2048x2048":["https:\/\/goias.gov.br\/abc\/wp-content\/uploads\/sites\/23\/2025\/12\/2025.12.11_OMESC_SERRADOURADA.jpg",1200,600,false]},"rttpg_author":{"display_name":"paulolicio","author_link":"https:\/\/goias.gov.br\/abc\/author\/paulolicio\/"},"rttpg_comment":0,"rttpg_category":"<a href=\"https:\/\/goias.gov.br\/abc\/categoria\/institucional\/noticias\/\" rel=\"category tag\">Not\u00edcias<\/a>","rttpg_excerpt":"Capacidade para 44 mil torcedores em jogos de futebol e at\u00e9 60 mi pessoas em shows, al\u00e9m de requalifica\u00e7\u00e3o e revitaliza\u00e7\u00e3o do gin\u00e1sio Goi\u00e2nia Arena e repagina\u00e7\u00e3o de toda a \u00e1rea externa adjacente \u00e0s duas pra\u00e7as esportivas. Essas s\u00e3o inova\u00e7\u00f5es e melhorias a serem executadas na principal pra\u00e7a de esportes do Centro-Oeste, o Complexo Serra&hellip;","_links":{"self":[{"href":"https:\/\/goias.gov.br\/abc\/wp-json\/wp\/v2\/posts\/129122","targetHints":{"allow":["GET"]}}],"collection":[{"href":"https:\/\/goias.gov.br\/abc\/wp-json\/wp\/v2\/posts"}],"about":[{"href":"https:\/\/goias.gov.br\/abc\/wp-json\/wp\/v2\/types\/post"}],"author":[{"embeddable":true,"href":"https:\/\/goias.gov.br\/abc\/wp-json\/wp\/v2\/users\/381"}],"replies":[{"embeddable":true,"href":"https:\/\/goias.gov.br\/abc\/wp-json\/wp\/v2\/comments?post=129122"}],"version-history":[{"count":2,"href":"https:\/\/goias.gov.br\/abc\/wp-json\/wp\/v2\/posts\/129122\/revisions"}],"predecessor-version":[{"id":129306,"href":"https:\/\/goias.gov.br\/abc\/wp-json\/wp\/v2\/posts\/129122\/revisions\/129306"}],"wp:featuredmedia":[{"embeddable":true,"href":"https:\/\/goias.gov.br\/abc\/wp-json\/wp\/v2\/media\/129100"}],"wp:attachment":[{"href":"https:\/\/goias.gov.br\/abc\/wp-json\/wp\/v2\/media?parent=129122"}],"wp:term":[{"taxonomy":"category","embeddable":true,"href":"https:\/\/goias.gov.br\/abc\/wp-json\/wp\/v2\/categories?post=129122"},{"taxonomy":"post_tag","embeddable":true,"href":"https:\/\/goias.gov.br\/abc\/wp-json\/wp\/v2\/tags?post=129122"}],"curies":[{"name":"wp","href":"https:\/\/api.w.org\/{rel}","templated":true}]}}