

{"id":125148,"date":"2025-11-28T16:00:00","date_gmt":"2025-11-28T19:00:00","guid":{"rendered":"https:\/\/goias.gov.br\/abc\/?p=125148"},"modified":"2025-11-28T17:43:45","modified_gmt":"2025-11-28T20:43:45","slug":"tbc-esporte-debate-final-da-libertadores-e-campeonato-goiano","status":"publish","type":"post","link":"https:\/\/goias.gov.br\/abc\/tbc-esporte-debate-final-da-libertadores-e-campeonato-goiano\/","title":{"rendered":"TBC Esporte debate final da Libertadores e campeonato goiano \u00a0"},"content":{"rendered":"\n<p>O programa <em>TBC Esporte 2\u00aa Edi\u00e7\u00e3o<\/em> desta sexta-feira (28) vai debater a final da Copa Libertadores da Am\u00e9rica entre dois times brasileiros. O jogo entre Palmeiras x Flamengo ser\u00e1 neste s\u00e1bado (29) no Est\u00e1dio Monumental de Lima, no Peru, \u00e0s 18 horas (hor\u00e1rio de Bras\u00edlia). O <em>TBC Esporte<\/em> vai ao ar \u00e0s 18 horas ao vivo na TV Brasil Central.<\/p>\n\n\n\n<p>Com apresenta\u00e7\u00e3o de Tha\u00eds Freitas, o programa ter\u00e1 como convidado especial o deputado estadual Ricardo Quirino (Republicanos) entre os comentaristas Rupert Nickerson, Jos\u00e9 Roberto Silva e Ana Carolina. Al\u00e9m das expectativas sobre a final da Libertadores, o programa vai abordar a prepara\u00e7\u00e3o dos times para o campeonato goiano, o Goian\u00e3o, que come\u00e7ar\u00e1 no dia 10 de janeiro de 2026. O Goian\u00e3o ter\u00e1 mais uma vez transmiss\u00e3o da TV Brasil Central.<\/p>\n\n\n\n<p><strong>ABC Digital &nbsp;<\/strong><\/p>\n","protected":false},"excerpt":{"rendered":"<p>O programa TBC Esporte 2\u00aa Edi\u00e7\u00e3o desta sexta-feira (28) vai debater a final da Copa Libertadores da Am\u00e9rica entre dois times brasileiros. O jogo entre Palmeiras x Flamengo ser\u00e1 neste s\u00e1bado (29) no Est\u00e1dio Monumental de Lima, no Peru, \u00e0s 18 horas (hor\u00e1rio de Bras\u00edlia). O TBC Esporte vai ao ar \u00e0s 18 horas ao [&hellip;]<\/p>\n","protected":false},"author":377,"featured_media":114053,"comment_status":"closed","ping_status":"open","sticky":false,"template":"","format":"standard","meta":{"footnotes":""},"categories":[39],"tags":[57],"class_list":["post-125148","post","type-post","status-publish","format-standard","has-post-thumbnail","hentry","category-noticias","tag-programacao"],"rttpg_featured_image_url":{"full":["https:\/\/goias.gov.br\/abc\/wp-content\/uploads\/sites\/23\/2025\/10\/TBC_ESPORTE_2.jpg",1200,600,false],"landscape":["https:\/\/goias.gov.br\/abc\/wp-content\/uploads\/sites\/23\/2025\/10\/TBC_ESPORTE_2.jpg",1200,600,false],"portraits":["https:\/\/goias.gov.br\/abc\/wp-content\/uploads\/sites\/23\/2025\/10\/TBC_ESPORTE_2.jpg",1200,600,false],"thumbnail":["https:\/\/goias.gov.br\/abc\/wp-content\/uploads\/sites\/23\/2025\/10\/TBC_ESPORTE_2-150x150.jpg",150,150,true],"medium":["https:\/\/goias.gov.br\/abc\/wp-content\/uploads\/sites\/23\/2025\/10\/TBC_ESPORTE_2-300x150.jpg",300,150,true],"large":["https:\/\/goias.gov.br\/abc\/wp-content\/uploads\/sites\/23\/2025\/10\/TBC_ESPORTE_2-1024x512.jpg",1024,512,true],"1536x1536":["https:\/\/goias.gov.br\/abc\/wp-content\/uploads\/sites\/23\/2025\/10\/TBC_ESPORTE_2.jpg",1200,600,false],"2048x2048":["https:\/\/goias.gov.br\/abc\/wp-content\/uploads\/sites\/23\/2025\/10\/TBC_ESPORTE_2.jpg",1200,600,false]},"rttpg_author":{"display_name":"edsonfonseca","author_link":"https:\/\/goias.gov.br\/abc\/author\/edsonfonseca\/"},"rttpg_comment":0,"rttpg_category":"<a href=\"https:\/\/goias.gov.br\/abc\/categoria\/institucional\/noticias\/\" rel=\"category tag\">Not\u00edcias<\/a>","rttpg_excerpt":"O programa TBC Esporte 2\u00aa Edi\u00e7\u00e3o desta sexta-feira (28) vai debater a final da Copa Libertadores da Am\u00e9rica entre dois times brasileiros. O jogo entre Palmeiras x Flamengo ser\u00e1 neste s\u00e1bado (29) no Est\u00e1dio Monumental de Lima, no Peru, \u00e0s 18 horas (hor\u00e1rio de Bras\u00edlia). O TBC Esporte vai ao ar \u00e0s 18 horas ao&hellip;","_links":{"self":[{"href":"https:\/\/goias.gov.br\/abc\/wp-json\/wp\/v2\/posts\/125148","targetHints":{"allow":["GET"]}}],"collection":[{"href":"https:\/\/goias.gov.br\/abc\/wp-json\/wp\/v2\/posts"}],"about":[{"href":"https:\/\/goias.gov.br\/abc\/wp-json\/wp\/v2\/types\/post"}],"author":[{"embeddable":true,"href":"https:\/\/goias.gov.br\/abc\/wp-json\/wp\/v2\/users\/377"}],"replies":[{"embeddable":true,"href":"https:\/\/goias.gov.br\/abc\/wp-json\/wp\/v2\/comments?post=125148"}],"version-history":[{"count":2,"href":"https:\/\/goias.gov.br\/abc\/wp-json\/wp\/v2\/posts\/125148\/revisions"}],"predecessor-version":[{"id":125173,"href":"https:\/\/goias.gov.br\/abc\/wp-json\/wp\/v2\/posts\/125148\/revisions\/125173"}],"wp:featuredmedia":[{"embeddable":true,"href":"https:\/\/goias.gov.br\/abc\/wp-json\/wp\/v2\/media\/114053"}],"wp:attachment":[{"href":"https:\/\/goias.gov.br\/abc\/wp-json\/wp\/v2\/media?parent=125148"}],"wp:term":[{"taxonomy":"category","embeddable":true,"href":"https:\/\/goias.gov.br\/abc\/wp-json\/wp\/v2\/categories?post=125148"},{"taxonomy":"post_tag","embeddable":true,"href":"https:\/\/goias.gov.br\/abc\/wp-json\/wp\/v2\/tags?post=125148"}],"curies":[{"name":"wp","href":"https:\/\/api.w.org\/{rel}","templated":true}]}}