

{"id":120949,"date":"2025-11-14T14:30:00","date_gmt":"2025-11-14T17:30:00","guid":{"rendered":"https:\/\/goias.gov.br\/abc\/?p=120949"},"modified":"2025-11-14T15:44:47","modified_gmt":"2025-11-14T18:44:47","slug":"crer-reforca-alerta-para-o-combate-a-diabetes","status":"publish","type":"post","link":"https:\/\/goias.gov.br\/abc\/crer-reforca-alerta-para-o-combate-a-diabetes\/","title":{"rendered":"Crer refor\u00e7a alerta para o combate \u00e0 diabetes"},"content":{"rendered":"\n<p>14 de novembro \u00e9 o Dia Mundial de Combate ao Diabetes, data institu\u00edda pela Organiza\u00e7\u00e3o Mundial de Sa\u00fade (OMS) e Organiza\u00e7\u00e3o das Na\u00e7\u00f5es Unidas (ONU) para conscientizar sobre os riscos da doen\u00e7a. O Brasil \u00e9 o quinto pa\u00eds do mundo em n\u00famero de casos e o Centro Estadual de Reabilita\u00e7\u00e3o e Readapta\u00e7\u00e3o Henrique Santillo (Crer) tem refor\u00e7ado o alerta sobre o mal entre seus pacientes.<\/p>\n\n\n\n<p>Equipe de reportagem do <em>Jornal Brasil Central<\/em> esteve no hospital p\u00fablico de reabilita\u00e7\u00e3o na manh\u00e3 desta sexta-feira (14) para conhecer o trabalho. A reportagem ouviu pacientes e gestores da unidade sobre os servi\u00e7os ofertados nestes casos. Segundo a fisioterapeuta Karolline Borges, o Crer possui profissionais de endocrinologia e nutri\u00e7\u00e3o que orientam os pacientes diagnosticados e encaminham para especialistas os casos mais graves de diabetes.<\/p>\n\n\n\n<p><strong>ABC Digital &nbsp;<\/strong><\/p>\n\n\n\n<figure class=\"wp-block-embed aligncenter is-type-video is-provider-youtube wp-block-embed-youtube wp-embed-aspect-16-9 wp-has-aspect-ratio\"><div class=\"wp-block-embed__wrapper\">\n<iframe title=\"Jornal Brasil Central |14-11| CRER faz alerta sobre Cuidados com Diabetes\" width=\"500\" height=\"281\" src=\"https:\/\/www.youtube.com\/embed\/2UaI8ciIOmM?feature=oembed\" frameborder=\"0\" allow=\"accelerometer; autoplay; clipboard-write; encrypted-media; gyroscope; picture-in-picture; web-share\" referrerpolicy=\"strict-origin-when-cross-origin\" allowfullscreen><\/iframe>\n<\/div><\/figure>\n","protected":false},"excerpt":{"rendered":"<p>14 de novembro \u00e9 o Dia Mundial de Combate ao Diabetes, data institu\u00edda pela Organiza\u00e7\u00e3o Mundial de Sa\u00fade (OMS) e Organiza\u00e7\u00e3o das Na\u00e7\u00f5es Unidas (ONU) para conscientizar sobre os riscos da doen\u00e7a. O Brasil \u00e9 o quinto pa\u00eds do mundo em n\u00famero de casos e o Centro Estadual de Reabilita\u00e7\u00e3o e Readapta\u00e7\u00e3o Henrique Santillo (Crer) [&hellip;]<\/p>\n","protected":false},"author":377,"featured_media":120779,"comment_status":"closed","ping_status":"open","sticky":false,"template":"","format":"standard","meta":{"footnotes":""},"categories":[39],"tags":[58],"class_list":["post-120949","post","type-post","status-publish","format-standard","has-post-thumbnail","hentry","category-noticias","tag-jornalismo"],"rttpg_featured_image_url":{"full":["https:\/\/goias.gov.br\/abc\/wp-content\/uploads\/sites\/23\/2025\/11\/2025.11.14_JBC_CRER.jpg",1200,600,false],"landscape":["https:\/\/goias.gov.br\/abc\/wp-content\/uploads\/sites\/23\/2025\/11\/2025.11.14_JBC_CRER.jpg",1200,600,false],"portraits":["https:\/\/goias.gov.br\/abc\/wp-content\/uploads\/sites\/23\/2025\/11\/2025.11.14_JBC_CRER.jpg",1200,600,false],"thumbnail":["https:\/\/goias.gov.br\/abc\/wp-content\/uploads\/sites\/23\/2025\/11\/2025.11.14_JBC_CRER-150x150.jpg",150,150,true],"medium":["https:\/\/goias.gov.br\/abc\/wp-content\/uploads\/sites\/23\/2025\/11\/2025.11.14_JBC_CRER-300x150.jpg",300,150,true],"large":["https:\/\/goias.gov.br\/abc\/wp-content\/uploads\/sites\/23\/2025\/11\/2025.11.14_JBC_CRER-1024x512.jpg",1024,512,true],"1536x1536":["https:\/\/goias.gov.br\/abc\/wp-content\/uploads\/sites\/23\/2025\/11\/2025.11.14_JBC_CRER.jpg",1200,600,false],"2048x2048":["https:\/\/goias.gov.br\/abc\/wp-content\/uploads\/sites\/23\/2025\/11\/2025.11.14_JBC_CRER.jpg",1200,600,false]},"rttpg_author":{"display_name":"edsonfonseca","author_link":"https:\/\/goias.gov.br\/abc\/author\/edsonfonseca\/"},"rttpg_comment":0,"rttpg_category":"<a href=\"https:\/\/goias.gov.br\/abc\/categoria\/institucional\/noticias\/\" rel=\"category tag\">Not\u00edcias<\/a>","rttpg_excerpt":"14 de novembro \u00e9 o Dia Mundial de Combate ao Diabetes, data institu\u00edda pela Organiza\u00e7\u00e3o Mundial de Sa\u00fade (OMS) e Organiza\u00e7\u00e3o das Na\u00e7\u00f5es Unidas (ONU) para conscientizar sobre os riscos da doen\u00e7a. O Brasil \u00e9 o quinto pa\u00eds do mundo em n\u00famero de casos e o Centro Estadual de Reabilita\u00e7\u00e3o e Readapta\u00e7\u00e3o Henrique Santillo (Crer)&hellip;","_links":{"self":[{"href":"https:\/\/goias.gov.br\/abc\/wp-json\/wp\/v2\/posts\/120949","targetHints":{"allow":["GET"]}}],"collection":[{"href":"https:\/\/goias.gov.br\/abc\/wp-json\/wp\/v2\/posts"}],"about":[{"href":"https:\/\/goias.gov.br\/abc\/wp-json\/wp\/v2\/types\/post"}],"author":[{"embeddable":true,"href":"https:\/\/goias.gov.br\/abc\/wp-json\/wp\/v2\/users\/377"}],"replies":[{"embeddable":true,"href":"https:\/\/goias.gov.br\/abc\/wp-json\/wp\/v2\/comments?post=120949"}],"version-history":[{"count":2,"href":"https:\/\/goias.gov.br\/abc\/wp-json\/wp\/v2\/posts\/120949\/revisions"}],"predecessor-version":[{"id":121000,"href":"https:\/\/goias.gov.br\/abc\/wp-json\/wp\/v2\/posts\/120949\/revisions\/121000"}],"wp:featuredmedia":[{"embeddable":true,"href":"https:\/\/goias.gov.br\/abc\/wp-json\/wp\/v2\/media\/120779"}],"wp:attachment":[{"href":"https:\/\/goias.gov.br\/abc\/wp-json\/wp\/v2\/media?parent=120949"}],"wp:term":[{"taxonomy":"category","embeddable":true,"href":"https:\/\/goias.gov.br\/abc\/wp-json\/wp\/v2\/categories?post=120949"},{"taxonomy":"post_tag","embeddable":true,"href":"https:\/\/goias.gov.br\/abc\/wp-json\/wp\/v2\/tags?post=120949"}],"curies":[{"name":"wp","href":"https:\/\/api.w.org\/{rel}","templated":true}]}}