

{"id":119944,"date":"2025-11-13T08:00:00","date_gmt":"2025-11-13T11:00:00","guid":{"rendered":"https:\/\/goias.gov.br\/abc\/?p=119944"},"modified":"2025-11-12T22:35:43","modified_gmt":"2025-11-13T01:35:43","slug":"debate-no-boa-noite-analisa-a-lei-antifaccao","status":"publish","type":"post","link":"https:\/\/goias.gov.br\/abc\/debate-no-boa-noite-analisa-a-lei-antifaccao\/","title":{"rendered":"Debate no Boa Noite analisa a Lei Antifac\u00e7\u00e3o"},"content":{"rendered":"\n<p>Nesta quarta-feira (12), o programa <em>Boa Noite<\/em> discutiu o tema \u201cCaiado rebate Lula: \u2018Fac\u00e7\u00f5es s\u00e3o terroristas\u2019\u201d, reunindo o advogado eleitoralista Dan\u00fabio Remy e o professor de Direitos Humanos Maraj\u00e1 Jo\u00e3o Alves. A edi\u00e7\u00e3o trouxe ainda participa\u00e7\u00e3o ao vivo de Bras\u00edlia com o rep\u00f3rter Alex Atan\u00e1sio, que acompanhou a movimenta\u00e7\u00e3o no Congresso Nacional em torno da vota\u00e7\u00e3o do projeto da Lei Antifac\u00e7\u00e3o e relatou os desdobramentos da reuni\u00e3o entre governadores sobre seguran\u00e7a p\u00fablica.<br><br>Maraj\u00e1 Jo\u00e3o Alves alertou para os riscos de ampliar o enquadramento de fac\u00e7\u00f5es como organiza\u00e7\u00f5es terroristas. Segundo ele, \u201cquando passamos a considerar esses grupos como terroristas, uma s\u00e9rie de salvaguardas s\u00e3o colocadas em segundo plano\u201d. O professor analisou, contudo, que a medida pode ser v\u00e1lida de forma transit\u00f3ria em locais cr\u00edticos, como o Rio de Janeiro. \u201cTemos muitas realidades no Brasil. Temos Goi\u00e1s e Santa Catarina, que s\u00e3o estados seguros, onde isso n\u00e3o seria necess\u00e1rio. Mas, para outros estados e para fazer um enfrentamento, isso ser\u00e1 positivo\u201d, completou.<br><br>J\u00e1 Dan\u00fabio Remy avaliou que a gravidade da situa\u00e7\u00e3o no Rio de Janeiro exige respostas firmes. \u201cO que temos no Rio de Janeiro \u00e9 muito mais grave que terrorismo\u201d, afirmou. Para ele, a discuss\u00e3o deve levar em conta que a nova legisla\u00e7\u00e3o tem como objetivo endurecer penas e elevar o enquadramento de organiza\u00e7\u00f5es criminosas. \u201cA lei deve aplicar penas mais duras. O que antes era organiza\u00e7\u00e3o criminosa passa a considerar fac\u00e7\u00e3o criminosa ao patamar da lei de terrorismo\u201d, disse, lembrando que o pa\u00eds j\u00e1 possui legisla\u00e7\u00e3o antiterror vigente desde 2015. Ele destacou tamb\u00e9m que \u201co importante s\u00e3o as pol\u00edticas p\u00fablicas do estado. Se n\u00f3s conseguirmos dar efetividade \u00e0s leis que j\u00e1 temos, n\u00e3o estar\u00edamos nessa situa\u00e7\u00e3o.<\/p>\n\n\n\n<p><strong>ABC Digital<\/strong><\/p>\n\n\n\n<figure class=\"wp-block-embed aligncenter is-type-video is-provider-youtube wp-block-embed-youtube wp-embed-aspect-4-3 wp-has-aspect-ratio\"><div class=\"wp-block-embed__wrapper\">\n<iframe title=\"CAIADO REBATE LULA:  &quot;FAC\u00c7\u00d5ES S\u00c3O TERRORISTAS&quot; | BOA NOITE | 12\/11\/2025\" width=\"500\" height=\"375\" src=\"https:\/\/www.youtube.com\/embed\/KWsI2AbnVfY?feature=oembed\" frameborder=\"0\" allow=\"accelerometer; autoplay; clipboard-write; encrypted-media; gyroscope; picture-in-picture; web-share\" referrerpolicy=\"strict-origin-when-cross-origin\" allowfullscreen><\/iframe>\n<\/div><\/figure>\n","protected":false},"excerpt":{"rendered":"<p>Nesta quarta-feira (12), o programa Boa Noite discutiu o tema \u201cCaiado rebate Lula: \u2018Fac\u00e7\u00f5es s\u00e3o terroristas\u2019\u201d, reunindo o advogado eleitoralista Dan\u00fabio Remy e o professor de Direitos Humanos Maraj\u00e1 Jo\u00e3o Alves. A edi\u00e7\u00e3o trouxe ainda participa\u00e7\u00e3o ao vivo de Bras\u00edlia com o rep\u00f3rter Alex Atan\u00e1sio, que acompanhou a movimenta\u00e7\u00e3o no Congresso Nacional em torno da [&hellip;]<\/p>\n","protected":false},"author":380,"featured_media":119946,"comment_status":"closed","ping_status":"open","sticky":false,"template":"","format":"standard","meta":{"footnotes":""},"categories":[39],"tags":[57],"class_list":["post-119944","post","type-post","status-publish","format-standard","has-post-thumbnail","hentry","category-noticias","tag-programacao"],"rttpg_featured_image_url":{"full":["https:\/\/goias.gov.br\/abc\/wp-content\/uploads\/sites\/23\/2025\/11\/12.11_BNG_MARAJA_DANUBIO.jpg",1200,600,false],"landscape":["https:\/\/goias.gov.br\/abc\/wp-content\/uploads\/sites\/23\/2025\/11\/12.11_BNG_MARAJA_DANUBIO.jpg",1200,600,false],"portraits":["https:\/\/goias.gov.br\/abc\/wp-content\/uploads\/sites\/23\/2025\/11\/12.11_BNG_MARAJA_DANUBIO.jpg",1200,600,false],"thumbnail":["https:\/\/goias.gov.br\/abc\/wp-content\/uploads\/sites\/23\/2025\/11\/12.11_BNG_MARAJA_DANUBIO-150x150.jpg",150,150,true],"medium":["https:\/\/goias.gov.br\/abc\/wp-content\/uploads\/sites\/23\/2025\/11\/12.11_BNG_MARAJA_DANUBIO-300x150.jpg",300,150,true],"large":["https:\/\/goias.gov.br\/abc\/wp-content\/uploads\/sites\/23\/2025\/11\/12.11_BNG_MARAJA_DANUBIO-1024x512.jpg",1024,512,true],"1536x1536":["https:\/\/goias.gov.br\/abc\/wp-content\/uploads\/sites\/23\/2025\/11\/12.11_BNG_MARAJA_DANUBIO.jpg",1200,600,false],"2048x2048":["https:\/\/goias.gov.br\/abc\/wp-content\/uploads\/sites\/23\/2025\/11\/12.11_BNG_MARAJA_DANUBIO.jpg",1200,600,false]},"rttpg_author":{"display_name":"nadialima","author_link":"https:\/\/goias.gov.br\/abc\/author\/nadialima\/"},"rttpg_comment":0,"rttpg_category":"<a href=\"https:\/\/goias.gov.br\/abc\/categoria\/institucional\/noticias\/\" rel=\"category tag\">Not\u00edcias<\/a>","rttpg_excerpt":"Nesta quarta-feira (12), o programa Boa Noite discutiu o tema \u201cCaiado rebate Lula: \u2018Fac\u00e7\u00f5es s\u00e3o terroristas\u2019\u201d, reunindo o advogado eleitoralista Dan\u00fabio Remy e o professor de Direitos Humanos Maraj\u00e1 Jo\u00e3o Alves. A edi\u00e7\u00e3o trouxe ainda participa\u00e7\u00e3o ao vivo de Bras\u00edlia com o rep\u00f3rter Alex Atan\u00e1sio, que acompanhou a movimenta\u00e7\u00e3o no Congresso Nacional em torno da&hellip;","_links":{"self":[{"href":"https:\/\/goias.gov.br\/abc\/wp-json\/wp\/v2\/posts\/119944","targetHints":{"allow":["GET"]}}],"collection":[{"href":"https:\/\/goias.gov.br\/abc\/wp-json\/wp\/v2\/posts"}],"about":[{"href":"https:\/\/goias.gov.br\/abc\/wp-json\/wp\/v2\/types\/post"}],"author":[{"embeddable":true,"href":"https:\/\/goias.gov.br\/abc\/wp-json\/wp\/v2\/users\/380"}],"replies":[{"embeddable":true,"href":"https:\/\/goias.gov.br\/abc\/wp-json\/wp\/v2\/comments?post=119944"}],"version-history":[{"count":2,"href":"https:\/\/goias.gov.br\/abc\/wp-json\/wp\/v2\/posts\/119944\/revisions"}],"predecessor-version":[{"id":119963,"href":"https:\/\/goias.gov.br\/abc\/wp-json\/wp\/v2\/posts\/119944\/revisions\/119963"}],"wp:featuredmedia":[{"embeddable":true,"href":"https:\/\/goias.gov.br\/abc\/wp-json\/wp\/v2\/media\/119946"}],"wp:attachment":[{"href":"https:\/\/goias.gov.br\/abc\/wp-json\/wp\/v2\/media?parent=119944"}],"wp:term":[{"taxonomy":"category","embeddable":true,"href":"https:\/\/goias.gov.br\/abc\/wp-json\/wp\/v2\/categories?post=119944"},{"taxonomy":"post_tag","embeddable":true,"href":"https:\/\/goias.gov.br\/abc\/wp-json\/wp\/v2\/tags?post=119944"}],"curies":[{"name":"wp","href":"https:\/\/api.w.org\/{rel}","templated":true}]}}