

{"id":117112,"date":"2025-11-04T14:30:00","date_gmt":"2025-11-04T17:30:00","guid":{"rendered":"https:\/\/goias.gov.br\/abc\/?p=117112"},"modified":"2025-11-04T17:57:12","modified_gmt":"2025-11-04T20:57:12","slug":"ovg-e-goias-social-mobilizam-alunos-da-capital-para-o-natal-do-bem","status":"publish","type":"post","link":"https:\/\/goias.gov.br\/abc\/ovg-e-goias-social-mobilizam-alunos-da-capital-para-o-natal-do-bem\/","title":{"rendered":"OVG e Goi\u00e1s Social mobilizam alunos da capital para o Natal do Bem"},"content":{"rendered":"\n<p>A Organiza\u00e7\u00e3o das Volunt\u00e1rias de Goi\u00e1s (OVG) e a coordena\u00e7\u00e3o do programa <em>Goi\u00e1s Social<\/em> est\u00e3o mobilizando alunos das escolas p\u00fablicas estaduais e municipais da capital para participarem da entrega de presentes do <em>Natal do Bem<\/em>. O evento ser\u00e1 realizado no gin\u00e1sio Goi\u00e2nia Arena no dia 7 de dezembro com a distribui\u00e7\u00e3o de cerca de 20 mil brinquedos. As presen\u00e7as de Papai e Mam\u00e3e Noel tamb\u00e9m s\u00e3o garantidas na festa.<\/p>\n\n\n\n<p>Equipes da OVG est\u00e3o percorrendo as escolas para refor\u00e7ar o convite aos alunos e seus familiares. Reportagem do <em>Jornal Brasil Central<\/em> acompanhou uma dessas visitas, no Col\u00e9gio Estadual Robinho Martins Azevedo, entrevistando alunos, a diretora Suelma Vieira e a diretora de Promo\u00e7\u00e3o Social da OVG, Jeane Abdala. Segundo ela, o evento da OVG representa o \u00fanico presente de natal para muitas crian\u00e7as das escolas p\u00fablicas de Goi\u00e2nia. &nbsp;<\/p>\n\n\n\n<p><strong>ABC Digital<\/strong><\/p>\n\n\n\n<figure class=\"wp-block-embed aligncenter is-type-video is-provider-youtube wp-block-embed-youtube wp-embed-aspect-16-9 wp-has-aspect-ratio\"><div class=\"wp-block-embed__wrapper\">\n<iframe title=\"Jornal Brasil Central |04-11| Natal do Bem: OVG e Goi\u00e1s Social mobilizam Escolas\" width=\"500\" height=\"281\" src=\"https:\/\/www.youtube.com\/embed\/mSTAKTcdXDo?feature=oembed\" frameborder=\"0\" allow=\"accelerometer; autoplay; clipboard-write; encrypted-media; gyroscope; picture-in-picture; web-share\" referrerpolicy=\"strict-origin-when-cross-origin\" allowfullscreen><\/iframe>\n<\/div><\/figure>\n","protected":false},"excerpt":{"rendered":"<p>A Organiza\u00e7\u00e3o das Volunt\u00e1rias de Goi\u00e1s (OVG) e a coordena\u00e7\u00e3o do programa Goi\u00e1s Social est\u00e3o mobilizando alunos das escolas p\u00fablicas estaduais e municipais da capital para participarem da entrega de presentes do Natal do Bem. O evento ser\u00e1 realizado no gin\u00e1sio Goi\u00e2nia Arena no dia 7 de dezembro com a distribui\u00e7\u00e3o de cerca de 20 [&hellip;]<\/p>\n","protected":false},"author":377,"featured_media":117132,"comment_status":"closed","ping_status":"open","sticky":false,"template":"","format":"standard","meta":{"footnotes":""},"categories":[39],"tags":[58],"class_list":["post-117112","post","type-post","status-publish","format-standard","has-post-thumbnail","hentry","category-noticias","tag-jornalismo"],"rttpg_featured_image_url":{"full":["https:\/\/goias.gov.br\/abc\/wp-content\/uploads\/sites\/23\/2025\/11\/2025.11.04_JBC_NATAL.jpg",1200,600,false],"landscape":["https:\/\/goias.gov.br\/abc\/wp-content\/uploads\/sites\/23\/2025\/11\/2025.11.04_JBC_NATAL.jpg",1200,600,false],"portraits":["https:\/\/goias.gov.br\/abc\/wp-content\/uploads\/sites\/23\/2025\/11\/2025.11.04_JBC_NATAL.jpg",1200,600,false],"thumbnail":["https:\/\/goias.gov.br\/abc\/wp-content\/uploads\/sites\/23\/2025\/11\/2025.11.04_JBC_NATAL-150x150.jpg",150,150,true],"medium":["https:\/\/goias.gov.br\/abc\/wp-content\/uploads\/sites\/23\/2025\/11\/2025.11.04_JBC_NATAL-300x150.jpg",300,150,true],"large":["https:\/\/goias.gov.br\/abc\/wp-content\/uploads\/sites\/23\/2025\/11\/2025.11.04_JBC_NATAL-1024x512.jpg",1024,512,true],"1536x1536":["https:\/\/goias.gov.br\/abc\/wp-content\/uploads\/sites\/23\/2025\/11\/2025.11.04_JBC_NATAL.jpg",1200,600,false],"2048x2048":["https:\/\/goias.gov.br\/abc\/wp-content\/uploads\/sites\/23\/2025\/11\/2025.11.04_JBC_NATAL.jpg",1200,600,false]},"rttpg_author":{"display_name":"edsonfonseca","author_link":"https:\/\/goias.gov.br\/abc\/author\/edsonfonseca\/"},"rttpg_comment":0,"rttpg_category":"<a href=\"https:\/\/goias.gov.br\/abc\/categoria\/institucional\/noticias\/\" rel=\"category tag\">Not\u00edcias<\/a>","rttpg_excerpt":"A Organiza\u00e7\u00e3o das Volunt\u00e1rias de Goi\u00e1s (OVG) e a coordena\u00e7\u00e3o do programa Goi\u00e1s Social est\u00e3o mobilizando alunos das escolas p\u00fablicas estaduais e municipais da capital para participarem da entrega de presentes do Natal do Bem. O evento ser\u00e1 realizado no gin\u00e1sio Goi\u00e2nia Arena no dia 7 de dezembro com a distribui\u00e7\u00e3o de cerca de 20&hellip;","_links":{"self":[{"href":"https:\/\/goias.gov.br\/abc\/wp-json\/wp\/v2\/posts\/117112","targetHints":{"allow":["GET"]}}],"collection":[{"href":"https:\/\/goias.gov.br\/abc\/wp-json\/wp\/v2\/posts"}],"about":[{"href":"https:\/\/goias.gov.br\/abc\/wp-json\/wp\/v2\/types\/post"}],"author":[{"embeddable":true,"href":"https:\/\/goias.gov.br\/abc\/wp-json\/wp\/v2\/users\/377"}],"replies":[{"embeddable":true,"href":"https:\/\/goias.gov.br\/abc\/wp-json\/wp\/v2\/comments?post=117112"}],"version-history":[{"count":2,"href":"https:\/\/goias.gov.br\/abc\/wp-json\/wp\/v2\/posts\/117112\/revisions"}],"predecessor-version":[{"id":117399,"href":"https:\/\/goias.gov.br\/abc\/wp-json\/wp\/v2\/posts\/117112\/revisions\/117399"}],"wp:featuredmedia":[{"embeddable":true,"href":"https:\/\/goias.gov.br\/abc\/wp-json\/wp\/v2\/media\/117132"}],"wp:attachment":[{"href":"https:\/\/goias.gov.br\/abc\/wp-json\/wp\/v2\/media?parent=117112"}],"wp:term":[{"taxonomy":"category","embeddable":true,"href":"https:\/\/goias.gov.br\/abc\/wp-json\/wp\/v2\/categories?post=117112"},{"taxonomy":"post_tag","embeddable":true,"href":"https:\/\/goias.gov.br\/abc\/wp-json\/wp\/v2\/tags?post=117112"}],"curies":[{"name":"wp","href":"https:\/\/api.w.org\/{rel}","templated":true}]}}