

{"id":115198,"date":"2025-10-29T14:00:00","date_gmt":"2025-10-29T17:00:00","guid":{"rendered":"https:\/\/goias.gov.br\/abc\/?p=115198"},"modified":"2025-10-29T15:33:35","modified_gmt":"2025-10-29T18:33:35","slug":"jbc-destaca-concurso-da-assembleia-para-preencher-101-vagas","status":"publish","type":"post","link":"https:\/\/goias.gov.br\/abc\/jbc-destaca-concurso-da-assembleia-para-preencher-101-vagas\/","title":{"rendered":"JBC destaca concurso da Assembleia para preencher 101 vagas"},"content":{"rendered":"\n<p>A chamada do <em>Jornal Brasil Central<\/em> (JBC) dessa quarta-feira (29) trouxe que a Assembleia Legislativa de Goi\u00e1s publica edital para a realiza\u00e7\u00e3o de concurso, visando preencher 101 vagas com sal\u00e1rios de at\u00e9 R$ 10 mil mensais. Trouxe tamb\u00e9m que uma crian\u00e7a de 11 anos de idade est\u00e1 internada, em Caldas Novas, ap\u00f3s ser espancada por jovens.<\/p>\n\n\n\n<p>O jornal televisivo divulgou que a Pol\u00edcia Civil de Goi\u00e1s prendeu um homem suspeito de traficar drogas e manter uma pessoa em c\u00e1rcere privado, em Goi\u00e2nia, durante um ano. Veiculou ainda uma mat\u00e9ria informando que a Prefeitura de Aparecida de Goi\u00e2nia est\u00e1 convocando benefici\u00e1rios do programa Bolsa Fam\u00edlia para acompanhamento obrigat\u00f3rio de sa\u00fade, exig\u00eancia necess\u00e1ria para a manuten\u00e7\u00e3o do benef\u00edcio. O prazo para o acompanhamento vence no pr\u00f3ximo dia 30 de dezembro.<\/p>\n\n\n\n<p>Apresentou mat\u00e9ria mostrando que a 20\u00aa Semana Nacional da Concilia\u00e7\u00e3o, iniciativa do Tribunal de Justi\u00e7a de Goi\u00e1s, acontece no per\u00edodo de 3 a 7 de novembro, com o objetivo de oferecer descontos e condi\u00e7\u00f5es especiais de pagamento em pend\u00eancias judiciais e fiscais no estado de Goi\u00e1s.<\/p>\n\n\n\n<p><strong>ABC Digital<\/strong><\/p>\n\n\n\n<figure class=\"wp-block-embed aligncenter is-type-video is-provider-youtube wp-block-embed-youtube wp-embed-aspect-4-3 wp-has-aspect-ratio\"><div class=\"wp-block-embed__wrapper\">\n<iframe title=\"POL\u00cdCIA CIVIL ESTOURA CATIVEIRO E LIBERTA V\u00cdTIMA DE TR\u00c1FICO EM GOI\u00c2NIA | JBC | 29\/10\/2025\" width=\"500\" height=\"375\" src=\"https:\/\/www.youtube.com\/embed\/kEoXw8_pEyw?feature=oembed\" frameborder=\"0\" allow=\"accelerometer; autoplay; clipboard-write; encrypted-media; gyroscope; picture-in-picture; web-share\" referrerpolicy=\"strict-origin-when-cross-origin\" allowfullscreen><\/iframe>\n<\/div><\/figure>\n","protected":false},"excerpt":{"rendered":"<p>A chamada do Jornal Brasil Central (JBC) dessa quarta-feira (29) trouxe que a Assembleia Legislativa de Goi\u00e1s publica edital para a realiza\u00e7\u00e3o de concurso, visando preencher 101 vagas com sal\u00e1rios de at\u00e9 R$ 10 mil mensais. Trouxe tamb\u00e9m que uma crian\u00e7a de 11 anos de idade est\u00e1 internada, em Caldas Novas, ap\u00f3s ser espancada por [&hellip;]<\/p>\n","protected":false},"author":378,"featured_media":115249,"comment_status":"closed","ping_status":"open","sticky":false,"template":"","format":"standard","meta":{"footnotes":""},"categories":[39],"tags":[58],"class_list":["post-115198","post","type-post","status-publish","format-standard","has-post-thumbnail","hentry","category-noticias","tag-jornalismo"],"rttpg_featured_image_url":{"full":["https:\/\/goias.gov.br\/abc\/wp-content\/uploads\/sites\/23\/2025\/10\/2025.10.29_JBC_FECHAMENTO.jpg",1200,600,false],"landscape":["https:\/\/goias.gov.br\/abc\/wp-content\/uploads\/sites\/23\/2025\/10\/2025.10.29_JBC_FECHAMENTO.jpg",1200,600,false],"portraits":["https:\/\/goias.gov.br\/abc\/wp-content\/uploads\/sites\/23\/2025\/10\/2025.10.29_JBC_FECHAMENTO.jpg",1200,600,false],"thumbnail":["https:\/\/goias.gov.br\/abc\/wp-content\/uploads\/sites\/23\/2025\/10\/2025.10.29_JBC_FECHAMENTO-150x150.jpg",150,150,true],"medium":["https:\/\/goias.gov.br\/abc\/wp-content\/uploads\/sites\/23\/2025\/10\/2025.10.29_JBC_FECHAMENTO-300x150.jpg",300,150,true],"large":["https:\/\/goias.gov.br\/abc\/wp-content\/uploads\/sites\/23\/2025\/10\/2025.10.29_JBC_FECHAMENTO-1024x512.jpg",1024,512,true],"1536x1536":["https:\/\/goias.gov.br\/abc\/wp-content\/uploads\/sites\/23\/2025\/10\/2025.10.29_JBC_FECHAMENTO.jpg",1200,600,false],"2048x2048":["https:\/\/goias.gov.br\/abc\/wp-content\/uploads\/sites\/23\/2025\/10\/2025.10.29_JBC_FECHAMENTO.jpg",1200,600,false]},"rttpg_author":{"display_name":"helvertonsilva","author_link":"https:\/\/goias.gov.br\/abc\/author\/helvertonsilva\/"},"rttpg_comment":0,"rttpg_category":"<a href=\"https:\/\/goias.gov.br\/abc\/categoria\/institucional\/noticias\/\" rel=\"category tag\">Not\u00edcias<\/a>","rttpg_excerpt":"A chamada do Jornal Brasil Central (JBC) dessa quarta-feira (29) trouxe que a Assembleia Legislativa de Goi\u00e1s publica edital para a realiza\u00e7\u00e3o de concurso, visando preencher 101 vagas com sal\u00e1rios de at\u00e9 R$ 10 mil mensais. Trouxe tamb\u00e9m que uma crian\u00e7a de 11 anos de idade est\u00e1 internada, em Caldas Novas, ap\u00f3s ser espancada por&hellip;","_links":{"self":[{"href":"https:\/\/goias.gov.br\/abc\/wp-json\/wp\/v2\/posts\/115198","targetHints":{"allow":["GET"]}}],"collection":[{"href":"https:\/\/goias.gov.br\/abc\/wp-json\/wp\/v2\/posts"}],"about":[{"href":"https:\/\/goias.gov.br\/abc\/wp-json\/wp\/v2\/types\/post"}],"author":[{"embeddable":true,"href":"https:\/\/goias.gov.br\/abc\/wp-json\/wp\/v2\/users\/378"}],"replies":[{"embeddable":true,"href":"https:\/\/goias.gov.br\/abc\/wp-json\/wp\/v2\/comments?post=115198"}],"version-history":[{"count":2,"href":"https:\/\/goias.gov.br\/abc\/wp-json\/wp\/v2\/posts\/115198\/revisions"}],"predecessor-version":[{"id":115229,"href":"https:\/\/goias.gov.br\/abc\/wp-json\/wp\/v2\/posts\/115198\/revisions\/115229"}],"wp:featuredmedia":[{"embeddable":true,"href":"https:\/\/goias.gov.br\/abc\/wp-json\/wp\/v2\/media\/115249"}],"wp:attachment":[{"href":"https:\/\/goias.gov.br\/abc\/wp-json\/wp\/v2\/media?parent=115198"}],"wp:term":[{"taxonomy":"category","embeddable":true,"href":"https:\/\/goias.gov.br\/abc\/wp-json\/wp\/v2\/categories?post=115198"},{"taxonomy":"post_tag","embeddable":true,"href":"https:\/\/goias.gov.br\/abc\/wp-json\/wp\/v2\/tags?post=115198"}],"curies":[{"name":"wp","href":"https:\/\/api.w.org\/{rel}","templated":true}]}}