

{"id":113148,"date":"2025-10-23T10:00:00","date_gmt":"2025-10-23T13:00:00","guid":{"rendered":"https:\/\/goias.gov.br\/abc\/?p=113148"},"modified":"2025-10-23T10:22:39","modified_gmt":"2025-10-23T13:22:39","slug":"programa-de-quinta-destaca-o-monologo-teatral-especie-e-a-musica-de-manso","status":"publish","type":"post","link":"https:\/\/goias.gov.br\/abc\/programa-de-quinta-destaca-o-monologo-teatral-especie-e-a-musica-de-manso\/","title":{"rendered":"Programa de Quinta destaca o mon\u00f3logo teatral Esp\u00e9cie e a m\u00fasica de Manso"},"content":{"rendered":"\n<p>O <em>Programa de Quinta<\/em> recebe dois espet\u00e1culos goianos que t\u00eam feito sucesso fora. Fora do pa\u00eds, inclusive. Gra\u00e7a Torres e Maz\u00e9 Alves conversam com a diretora Val\u00e9ria Braga e o ator Rodrigo Cunha, criadores do mon\u00f3logo teatral <em>Esp\u00e9cie<\/em>, e com o cantor e compositor Manso. O programa vai ao ar \u00e0s 16h na TV Brasil Central, com reprise \u00e0s 23h, e pode ser conferido tamb\u00e9m pelo canal da emissora no YouTube.<\/p>\n\n\n\n<p><em>Esp\u00e9cie<\/em> \u00e9 um mon\u00f3logo quase sem texto, em que o ator Rodrigo Cunha explora as express\u00f5es corporais num claro-escuro que guia as proje\u00e7\u00f5es das figuras que projetam a exist\u00eancia humana em diferentes concep\u00e7\u00f5es. Com dire\u00e7\u00e3o de Val\u00e9ria Braga, o espet\u00e1culo vai para sua terceira turn\u00ea internacional agora em novembro, passando por Portugal, Espanha e Alemanha. No bate-papo, ator e diretora falam da cria\u00e7\u00e3o do espet\u00e1culo e das experi\u00eancias que ele desperta no p\u00fablico por onde passa.<\/p>\n\n\n\n<p>A parte musical do programa fica por conta de Fernando Manso, cantor e compositor que adota apenas o sobrenome art\u00edstico. Ele se projetou a partir de 2019 em programas de TV como o The Four Brasil (Record) e The Voice Brasil (Globo). Depois dos programas, investiu em composi\u00e7\u00f5es pr\u00f3prias em que desfila hist\u00f3rias no formato MPB. Lan\u00e7ou dois discos e tem feito shows no Brasil e exterior, onde participou de uma resid\u00eancia art\u00edstica em Londres (Sofar Sound) e se apresentou tamb\u00e9m na It\u00e1lia, Fran\u00e7a e Holanda. Al\u00e9m de cantar algumas de suas can\u00e7\u00f5es, ele conta estas experi\u00eancias.<\/p>\n\n\n\n<p><strong>ABC Digital&nbsp; &nbsp;<\/strong><\/p>\n\n\n\n<figure class=\"wp-block-embed aligncenter is-type-video is-provider-youtube wp-block-embed-youtube wp-embed-aspect-4-3 wp-has-aspect-ratio\"><div class=\"wp-block-embed__wrapper\">\n<iframe title=\"DE GOI\u00c1S PARA O MUNDO! TEATRO E M\u00daSICA GOIANA CONQUISTAM A EUROPA | PROGRAMA DE QUINTA | 22\/10\/2025\" width=\"500\" height=\"375\" src=\"https:\/\/www.youtube.com\/embed\/Cqkhnb95VvY?feature=oembed\" frameborder=\"0\" allow=\"accelerometer; autoplay; clipboard-write; encrypted-media; gyroscope; picture-in-picture; web-share\" referrerpolicy=\"strict-origin-when-cross-origin\" allowfullscreen><\/iframe>\n<\/div><\/figure>\n","protected":false},"excerpt":{"rendered":"<p>O Programa de Quinta recebe dois espet\u00e1culos goianos que t\u00eam feito sucesso fora. Fora do pa\u00eds, inclusive. Gra\u00e7a Torres e Maz\u00e9 Alves conversam com a diretora Val\u00e9ria Braga e o ator Rodrigo Cunha, criadores do mon\u00f3logo teatral Esp\u00e9cie, e com o cantor e compositor Manso. O programa vai ao ar \u00e0s 16h na TV Brasil [&hellip;]<\/p>\n","protected":false},"author":377,"featured_media":112820,"comment_status":"closed","ping_status":"open","sticky":false,"template":"","format":"standard","meta":{"footnotes":""},"categories":[39],"tags":[57],"class_list":["post-113148","post","type-post","status-publish","format-standard","has-post-thumbnail","hentry","category-noticias","tag-programacao"],"rttpg_featured_image_url":{"full":["https:\/\/goias.gov.br\/abc\/wp-content\/uploads\/sites\/23\/2025\/10\/2025.10.22_PD_QUINTA.jpg",1200,600,false],"landscape":["https:\/\/goias.gov.br\/abc\/wp-content\/uploads\/sites\/23\/2025\/10\/2025.10.22_PD_QUINTA.jpg",1200,600,false],"portraits":["https:\/\/goias.gov.br\/abc\/wp-content\/uploads\/sites\/23\/2025\/10\/2025.10.22_PD_QUINTA.jpg",1200,600,false],"thumbnail":["https:\/\/goias.gov.br\/abc\/wp-content\/uploads\/sites\/23\/2025\/10\/2025.10.22_PD_QUINTA-150x150.jpg",150,150,true],"medium":["https:\/\/goias.gov.br\/abc\/wp-content\/uploads\/sites\/23\/2025\/10\/2025.10.22_PD_QUINTA-300x150.jpg",300,150,true],"large":["https:\/\/goias.gov.br\/abc\/wp-content\/uploads\/sites\/23\/2025\/10\/2025.10.22_PD_QUINTA-1024x512.jpg",1024,512,true],"1536x1536":["https:\/\/goias.gov.br\/abc\/wp-content\/uploads\/sites\/23\/2025\/10\/2025.10.22_PD_QUINTA.jpg",1200,600,false],"2048x2048":["https:\/\/goias.gov.br\/abc\/wp-content\/uploads\/sites\/23\/2025\/10\/2025.10.22_PD_QUINTA.jpg",1200,600,false]},"rttpg_author":{"display_name":"edsonfonseca","author_link":"https:\/\/goias.gov.br\/abc\/author\/edsonfonseca\/"},"rttpg_comment":0,"rttpg_category":"<a href=\"https:\/\/goias.gov.br\/abc\/categoria\/institucional\/noticias\/\" rel=\"category tag\">Not\u00edcias<\/a>","rttpg_excerpt":"O Programa de Quinta recebe dois espet\u00e1culos goianos que t\u00eam feito sucesso fora. Fora do pa\u00eds, inclusive. Gra\u00e7a Torres e Maz\u00e9 Alves conversam com a diretora Val\u00e9ria Braga e o ator Rodrigo Cunha, criadores do mon\u00f3logo teatral Esp\u00e9cie, e com o cantor e compositor Manso. O programa vai ao ar \u00e0s 16h na TV Brasil&hellip;","_links":{"self":[{"href":"https:\/\/goias.gov.br\/abc\/wp-json\/wp\/v2\/posts\/113148","targetHints":{"allow":["GET"]}}],"collection":[{"href":"https:\/\/goias.gov.br\/abc\/wp-json\/wp\/v2\/posts"}],"about":[{"href":"https:\/\/goias.gov.br\/abc\/wp-json\/wp\/v2\/types\/post"}],"author":[{"embeddable":true,"href":"https:\/\/goias.gov.br\/abc\/wp-json\/wp\/v2\/users\/377"}],"replies":[{"embeddable":true,"href":"https:\/\/goias.gov.br\/abc\/wp-json\/wp\/v2\/comments?post=113148"}],"version-history":[{"count":2,"href":"https:\/\/goias.gov.br\/abc\/wp-json\/wp\/v2\/posts\/113148\/revisions"}],"predecessor-version":[{"id":113180,"href":"https:\/\/goias.gov.br\/abc\/wp-json\/wp\/v2\/posts\/113148\/revisions\/113180"}],"wp:featuredmedia":[{"embeddable":true,"href":"https:\/\/goias.gov.br\/abc\/wp-json\/wp\/v2\/media\/112820"}],"wp:attachment":[{"href":"https:\/\/goias.gov.br\/abc\/wp-json\/wp\/v2\/media?parent=113148"}],"wp:term":[{"taxonomy":"category","embeddable":true,"href":"https:\/\/goias.gov.br\/abc\/wp-json\/wp\/v2\/categories?post=113148"},{"taxonomy":"post_tag","embeddable":true,"href":"https:\/\/goias.gov.br\/abc\/wp-json\/wp\/v2\/tags?post=113148"}],"curies":[{"name":"wp","href":"https:\/\/api.w.org\/{rel}","templated":true}]}}