

{"id":110254,"date":"2025-10-14T14:30:00","date_gmt":"2025-10-14T17:30:00","guid":{"rendered":"https:\/\/goias.gov.br\/abc\/?p=110254"},"modified":"2025-10-14T15:40:28","modified_gmt":"2025-10-14T18:40:28","slug":"puxada-por-veiculos-industria-goiana-cresceu-29-em-agosto","status":"publish","type":"post","link":"https:\/\/goias.gov.br\/abc\/puxada-por-veiculos-industria-goiana-cresceu-29-em-agosto\/","title":{"rendered":"Puxada por ve\u00edculos, ind\u00fastria goiana cresceu 2,9% em agosto"},"content":{"rendered":"\n<p>Puxada pela fabrica\u00e7\u00e3o de carros, a ind\u00fastria goiana cresceu 2,9% em agosto deste ano em compara\u00e7\u00e3o com o mesmo m\u00eas do ano passado. No acumulado do ano, o setor registra alta de 1,6% mantendo a economia goiana em crescimento acima da m\u00e9dia nacional. Os dados foram divulgados pelo Instituto Mauro Borges de Pesquisa e Pol\u00edtica Econ\u00f4mica (IMB) com base em apura\u00e7\u00e3o mensal do IBGE.<\/p>\n\n\n\n<p>Gustavo Tavares, gerente de Proje\u00e7\u00f5es Macroecon\u00f4micas do IMB, participou do <em>Jornal Brasil Central<\/em> desta ter\u00e7a-feira (14) falando do assunto. Segundo ele, junto com a fabrica\u00e7\u00e3o de ve\u00edculos (com alta de 26%), outros setores que tiveram bom desempenho em agosto foram a ind\u00fastria extrativa (20%) e metalurgia e vestu\u00e1rio, ambos com ganho de 17%. Ele credita as altas ao bom ambiente de neg\u00f3cio promovido pelo governo do estado.<\/p>\n\n\n\n<p><strong>ABC Digital<\/strong><\/p>\n\n\n\n<figure class=\"wp-block-embed aligncenter is-type-video is-provider-youtube wp-block-embed-youtube wp-embed-aspect-16-9 wp-has-aspect-ratio\"><div class=\"wp-block-embed__wrapper\">\n<iframe title=\"Jornal Brasil Central |14-10| Ind\u00fastria Goiana apresenta crescimento\" width=\"500\" height=\"281\" src=\"https:\/\/www.youtube.com\/embed\/ehrnf6jgLTw?feature=oembed\" frameborder=\"0\" allow=\"accelerometer; autoplay; clipboard-write; encrypted-media; gyroscope; picture-in-picture; web-share\" referrerpolicy=\"strict-origin-when-cross-origin\" allowfullscreen><\/iframe>\n<\/div><\/figure>\n","protected":false},"excerpt":{"rendered":"<p>Puxada pela fabrica\u00e7\u00e3o de carros, a ind\u00fastria goiana cresceu 2,9% em agosto deste ano em compara\u00e7\u00e3o com o mesmo m\u00eas do ano passado. No acumulado do ano, o setor registra alta de 1,6% mantendo a economia goiana em crescimento acima da m\u00e9dia nacional. Os dados foram divulgados pelo Instituto Mauro Borges de Pesquisa e Pol\u00edtica [&hellip;]<\/p>\n","protected":false},"author":377,"featured_media":110248,"comment_status":"closed","ping_status":"open","sticky":false,"template":"","format":"standard","meta":{"footnotes":""},"categories":[39],"tags":[58],"class_list":["post-110254","post","type-post","status-publish","format-standard","has-post-thumbnail","hentry","category-noticias","tag-jornalismo"],"rttpg_featured_image_url":{"full":["https:\/\/goias.gov.br\/abc\/wp-content\/uploads\/sites\/23\/2025\/10\/2025.10.14_JBC_INDUSTRIA.jpg",1200,600,false],"landscape":["https:\/\/goias.gov.br\/abc\/wp-content\/uploads\/sites\/23\/2025\/10\/2025.10.14_JBC_INDUSTRIA.jpg",1200,600,false],"portraits":["https:\/\/goias.gov.br\/abc\/wp-content\/uploads\/sites\/23\/2025\/10\/2025.10.14_JBC_INDUSTRIA.jpg",1200,600,false],"thumbnail":["https:\/\/goias.gov.br\/abc\/wp-content\/uploads\/sites\/23\/2025\/10\/2025.10.14_JBC_INDUSTRIA-150x150.jpg",150,150,true],"medium":["https:\/\/goias.gov.br\/abc\/wp-content\/uploads\/sites\/23\/2025\/10\/2025.10.14_JBC_INDUSTRIA-300x150.jpg",300,150,true],"large":["https:\/\/goias.gov.br\/abc\/wp-content\/uploads\/sites\/23\/2025\/10\/2025.10.14_JBC_INDUSTRIA-1024x512.jpg",1024,512,true],"1536x1536":["https:\/\/goias.gov.br\/abc\/wp-content\/uploads\/sites\/23\/2025\/10\/2025.10.14_JBC_INDUSTRIA.jpg",1200,600,false],"2048x2048":["https:\/\/goias.gov.br\/abc\/wp-content\/uploads\/sites\/23\/2025\/10\/2025.10.14_JBC_INDUSTRIA.jpg",1200,600,false]},"rttpg_author":{"display_name":"edsonfonseca","author_link":"https:\/\/goias.gov.br\/abc\/author\/edsonfonseca\/"},"rttpg_comment":0,"rttpg_category":"<a href=\"https:\/\/goias.gov.br\/abc\/categoria\/institucional\/noticias\/\" rel=\"category tag\">Not\u00edcias<\/a>","rttpg_excerpt":"Puxada pela fabrica\u00e7\u00e3o de carros, a ind\u00fastria goiana cresceu 2,9% em agosto deste ano em compara\u00e7\u00e3o com o mesmo m\u00eas do ano passado. No acumulado do ano, o setor registra alta de 1,6% mantendo a economia goiana em crescimento acima da m\u00e9dia nacional. Os dados foram divulgados pelo Instituto Mauro Borges de Pesquisa e Pol\u00edtica&hellip;","_links":{"self":[{"href":"https:\/\/goias.gov.br\/abc\/wp-json\/wp\/v2\/posts\/110254","targetHints":{"allow":["GET"]}}],"collection":[{"href":"https:\/\/goias.gov.br\/abc\/wp-json\/wp\/v2\/posts"}],"about":[{"href":"https:\/\/goias.gov.br\/abc\/wp-json\/wp\/v2\/types\/post"}],"author":[{"embeddable":true,"href":"https:\/\/goias.gov.br\/abc\/wp-json\/wp\/v2\/users\/377"}],"replies":[{"embeddable":true,"href":"https:\/\/goias.gov.br\/abc\/wp-json\/wp\/v2\/comments?post=110254"}],"version-history":[{"count":2,"href":"https:\/\/goias.gov.br\/abc\/wp-json\/wp\/v2\/posts\/110254\/revisions"}],"predecessor-version":[{"id":110318,"href":"https:\/\/goias.gov.br\/abc\/wp-json\/wp\/v2\/posts\/110254\/revisions\/110318"}],"wp:featuredmedia":[{"embeddable":true,"href":"https:\/\/goias.gov.br\/abc\/wp-json\/wp\/v2\/media\/110248"}],"wp:attachment":[{"href":"https:\/\/goias.gov.br\/abc\/wp-json\/wp\/v2\/media?parent=110254"}],"wp:term":[{"taxonomy":"category","embeddable":true,"href":"https:\/\/goias.gov.br\/abc\/wp-json\/wp\/v2\/categories?post=110254"},{"taxonomy":"post_tag","embeddable":true,"href":"https:\/\/goias.gov.br\/abc\/wp-json\/wp\/v2\/tags?post=110254"}],"curies":[{"name":"wp","href":"https:\/\/api.w.org\/{rel}","templated":true}]}}