

{"id":109852,"date":"2025-10-14T08:00:00","date_gmt":"2025-10-14T11:00:00","guid":{"rendered":"https:\/\/goias.gov.br\/abc\/?p=109852"},"modified":"2025-10-14T09:25:36","modified_gmt":"2025-10-14T12:25:36","slug":"tbc-pop-celebra-o-dia-da-crianca","status":"publish","type":"post","link":"https:\/\/goias.gov.br\/abc\/tbc-pop-celebra-o-dia-da-crianca\/","title":{"rendered":"TBC Pop celebra o Dia da Crian\u00e7a"},"content":{"rendered":"\n<p>O <em>TBC Pop<\/em> desta ter\u00e7a-feira (14), apresentado por Mariana Gidr\u00e3o, celebra o Dia da Crian\u00e7a, comemorado no \u00faltimo domingo (12). Com cen\u00e1rio l\u00fadico &#8211; cheio de bal\u00f5es, pipoca, algod\u00e3o doce e m\u00fasica -, o programa promete muita divers\u00e3o, atrav\u00e9s de entrevistas, brincadeiras, desafios e um clima m\u00e1gico que vai emocionar crian\u00e7as e adultos. O <em>TBC Pop<\/em> ser\u00e1 exibido \u00e0s 16 horas.<\/p>\n\n\n\n<p>O programa vai receber um time de pequenos grandes talentos, que est\u00e3o conquistando o p\u00fablico com carisma, simpatia e criatividade. S\u00e3o eles: Isabela, blogueirinha e influenciadora mirim que encanta as redes com v\u00eddeos cheios de espontaneidade e estilo; Laura Maria, modelo e influenciadora, reconhecida por seu talento em frente \u00e0s c\u00e2meras e sua dedica\u00e7\u00e3o aos estudos; e Lav\u00ednia Borges, mini Miss Goi\u00e1s Destaque Oficial e criadora do projeto <em>Mundinho da Lav\u00ednia<\/em>, um espa\u00e7o de conte\u00fado educativo e criativo destinado ao p\u00fablico infantil.<\/p>\n\n\n\n<p>A <em>Hora Pop<\/em> contar\u00e1 com a participa\u00e7\u00e3o da dupla sertaneja mirim Kelvem &amp; Yuri. Os cantores j\u00e1 dividiram o palco com grandes nomes, como Gusttavo Lima, Leonardo e Jorge &amp; Mateus. O&nbsp;<em>TBC Pop<\/em>&nbsp;vai ao ar nesta ter\u00e7a-feira (14), \u00e0s 16 horas, com reprise no mesmo dia, \u00e0s 23h, pelo canal aberto 13.1, NET (20) e Sky (303). Tamb\u00e9m pode ser assistido no canal do YouTube da TV Brasil Central.<\/p>\n\n\n\n<p><strong>ABC Digital<\/strong><\/p>\n\n\n\n<figure class=\"wp-block-embed aligncenter is-type-video is-provider-youtube wp-block-embed-youtube wp-embed-aspect-4-3 wp-has-aspect-ratio\"><div class=\"wp-block-embed__wrapper\">\n<iframe title=\"CRIAN\u00c7A \u00c9 POP | TBC POP | 14\/10\/2025\" width=\"500\" height=\"375\" src=\"https:\/\/www.youtube.com\/embed\/JhS_Bb5I4V4?feature=oembed\" frameborder=\"0\" allow=\"accelerometer; autoplay; clipboard-write; encrypted-media; gyroscope; picture-in-picture; web-share\" referrerpolicy=\"strict-origin-when-cross-origin\" allowfullscreen><\/iframe>\n<\/div><\/figure>\n","protected":false},"excerpt":{"rendered":"<p>O TBC Pop desta ter\u00e7a-feira (14), apresentado por Mariana Gidr\u00e3o, celebra o Dia da Crian\u00e7a, comemorado no \u00faltimo domingo (12). Com cen\u00e1rio l\u00fadico &#8211; cheio de bal\u00f5es, pipoca, algod\u00e3o doce e m\u00fasica -, o programa promete muita divers\u00e3o, atrav\u00e9s de entrevistas, brincadeiras, desafios e um clima m\u00e1gico que vai emocionar crian\u00e7as e adultos. O TBC [&hellip;]<\/p>\n","protected":false},"author":379,"featured_media":109914,"comment_status":"closed","ping_status":"open","sticky":false,"template":"","format":"standard","meta":{"footnotes":""},"categories":[39],"tags":[57],"class_list":["post-109852","post","type-post","status-publish","format-standard","has-post-thumbnail","hentry","category-noticias","tag-programacao"],"rttpg_featured_image_url":{"full":["https:\/\/goias.gov.br\/abc\/wp-content\/uploads\/sites\/23\/2025\/10\/2025.10.14_TBC_POP-1.jpg",1200,600,false],"landscape":["https:\/\/goias.gov.br\/abc\/wp-content\/uploads\/sites\/23\/2025\/10\/2025.10.14_TBC_POP-1.jpg",1200,600,false],"portraits":["https:\/\/goias.gov.br\/abc\/wp-content\/uploads\/sites\/23\/2025\/10\/2025.10.14_TBC_POP-1.jpg",1200,600,false],"thumbnail":["https:\/\/goias.gov.br\/abc\/wp-content\/uploads\/sites\/23\/2025\/10\/2025.10.14_TBC_POP-1-150x150.jpg",150,150,true],"medium":["https:\/\/goias.gov.br\/abc\/wp-content\/uploads\/sites\/23\/2025\/10\/2025.10.14_TBC_POP-1-300x150.jpg",300,150,true],"large":["https:\/\/goias.gov.br\/abc\/wp-content\/uploads\/sites\/23\/2025\/10\/2025.10.14_TBC_POP-1-1024x512.jpg",1024,512,true],"1536x1536":["https:\/\/goias.gov.br\/abc\/wp-content\/uploads\/sites\/23\/2025\/10\/2025.10.14_TBC_POP-1.jpg",1200,600,false],"2048x2048":["https:\/\/goias.gov.br\/abc\/wp-content\/uploads\/sites\/23\/2025\/10\/2025.10.14_TBC_POP-1.jpg",1200,600,false]},"rttpg_author":{"display_name":"marizasantana","author_link":"https:\/\/goias.gov.br\/abc\/author\/marizasantana\/"},"rttpg_comment":0,"rttpg_category":"<a href=\"https:\/\/goias.gov.br\/abc\/categoria\/institucional\/noticias\/\" rel=\"category tag\">Not\u00edcias<\/a>","rttpg_excerpt":"O TBC Pop desta ter\u00e7a-feira (14), apresentado por Mariana Gidr\u00e3o, celebra o Dia da Crian\u00e7a, comemorado no \u00faltimo domingo (12). Com cen\u00e1rio l\u00fadico &#8211; cheio de bal\u00f5es, pipoca, algod\u00e3o doce e m\u00fasica -, o programa promete muita divers\u00e3o, atrav\u00e9s de entrevistas, brincadeiras, desafios e um clima m\u00e1gico que vai emocionar crian\u00e7as e adultos. O TBC&hellip;","_links":{"self":[{"href":"https:\/\/goias.gov.br\/abc\/wp-json\/wp\/v2\/posts\/109852","targetHints":{"allow":["GET"]}}],"collection":[{"href":"https:\/\/goias.gov.br\/abc\/wp-json\/wp\/v2\/posts"}],"about":[{"href":"https:\/\/goias.gov.br\/abc\/wp-json\/wp\/v2\/types\/post"}],"author":[{"embeddable":true,"href":"https:\/\/goias.gov.br\/abc\/wp-json\/wp\/v2\/users\/379"}],"replies":[{"embeddable":true,"href":"https:\/\/goias.gov.br\/abc\/wp-json\/wp\/v2\/comments?post=109852"}],"version-history":[{"count":2,"href":"https:\/\/goias.gov.br\/abc\/wp-json\/wp\/v2\/posts\/109852\/revisions"}],"predecessor-version":[{"id":110192,"href":"https:\/\/goias.gov.br\/abc\/wp-json\/wp\/v2\/posts\/109852\/revisions\/110192"}],"wp:featuredmedia":[{"embeddable":true,"href":"https:\/\/goias.gov.br\/abc\/wp-json\/wp\/v2\/media\/109914"}],"wp:attachment":[{"href":"https:\/\/goias.gov.br\/abc\/wp-json\/wp\/v2\/media?parent=109852"}],"wp:term":[{"taxonomy":"category","embeddable":true,"href":"https:\/\/goias.gov.br\/abc\/wp-json\/wp\/v2\/categories?post=109852"},{"taxonomy":"post_tag","embeddable":true,"href":"https:\/\/goias.gov.br\/abc\/wp-json\/wp\/v2\/tags?post=109852"}],"curies":[{"name":"wp","href":"https:\/\/api.w.org\/{rel}","templated":true}]}}