

{"id":109479,"date":"2025-10-10T09:00:00","date_gmt":"2025-10-10T12:00:00","guid":{"rendered":"https:\/\/goias.gov.br\/abc\/?p=109479"},"modified":"2025-10-10T10:52:36","modified_gmt":"2025-10-10T13:52:36","slug":"mini-cidade-do-detran-go-explica-leis-de-transito-para-criancas","status":"publish","type":"post","link":"https:\/\/goias.gov.br\/abc\/mini-cidade-do-detran-go-explica-leis-de-transito-para-criancas\/","title":{"rendered":"Mini cidade do Detran-GO explica leis de tr\u00e2nsito para crian\u00e7as"},"content":{"rendered":"\n<p>O Detran-GO inaugurou, nesta quinta-feira (9), a primeira etapa da Mini Cidade, um espa\u00e7o destinado \u00e0 educa\u00e7\u00e3o de crian\u00e7as para o tr\u00e2nsito. A TV Brasil Central esteve na sede do \u00f3rg\u00e3o em Goi\u00e2nia, no local onde anteriormente eram realizadas as provas pr\u00e1ticas para tirar carteira de motorista, com o prop\u00f3sito de mostrar como funciona o projeto.<\/p>\n\n\n\n<p>Durante a visita \u00e0 Mini Cidade do Detran-GO, as crian\u00e7as recebem instru\u00e7\u00f5es sobre o tr\u00e2nsito, placas, cuidados e respeito com a vida. Essas orienta\u00e7\u00f5es podem contribuir para formar futuros motoristas mais prudentes. O projeto consiste em uma pista equipada com recursos que simulam as condi\u00e7\u00f5es reais de circula\u00e7\u00e3o de ve\u00edculos, de forma a reproduzir uma cidade em escala reduzida, com ferramentas necess\u00e1rias para proporcionar experi\u00eancias reais sobre tr\u00e2nsito seguro aos participantes.<\/p>\n\n\n\n<p>\u201cVoc\u00ea n\u00e3o pode pensar s\u00f3 em fiscaliza\u00e7\u00e3o, voc\u00ea tem que pensar em educar\u201d, argumentou o presidente do Detran-GO, Waldir Soares. Segundo ele, ap\u00f3s receber as orienta\u00e7\u00f5es sobre tr\u00e2nsito seguro, as crian\u00e7as v\u00e3o poder conversar com os pais e chamar a aten\u00e7\u00e3o deles para pequenos deslizes. Waldir Soares citou fatos preocupantes: no ano passado morreram 30 pessoas menores de 17 anos no tr\u00e2nsito e mais de 1.500 crian\u00e7as e adolescentes estiveram envolvidos em mortes e acidentes. \u201cTemos uma extrema preocupa\u00e7\u00e3o\u201d, ressaltou, adiantando que o Detran promover\u00e1 campanha publicit\u00e1ria sobre o tema.<\/p>\n\n\n\n<p><strong>ABC Digital<\/strong><\/p>\n","protected":false},"excerpt":{"rendered":"<p>O Detran-GO inaugurou, nesta quinta-feira (9), a primeira etapa da Mini Cidade, um espa\u00e7o destinado \u00e0 educa\u00e7\u00e3o de crian\u00e7as para o tr\u00e2nsito. A TV Brasil Central esteve na sede do \u00f3rg\u00e3o em Goi\u00e2nia, no local onde anteriormente eram realizadas as provas pr\u00e1ticas para tirar carteira de motorista, com o prop\u00f3sito de mostrar como funciona o [&hellip;]<\/p>\n","protected":false},"author":379,"featured_media":109467,"comment_status":"closed","ping_status":"open","sticky":false,"template":"","format":"standard","meta":{"footnotes":""},"categories":[39],"tags":[58],"class_list":["post-109479","post","type-post","status-publish","format-standard","has-post-thumbnail","hentry","category-noticias","tag-jornalismo"],"rttpg_featured_image_url":{"full":["https:\/\/goias.gov.br\/abc\/wp-content\/uploads\/sites\/23\/2025\/10\/2025.10.10_TBCN_DETRAN.jpg",1200,600,false],"landscape":["https:\/\/goias.gov.br\/abc\/wp-content\/uploads\/sites\/23\/2025\/10\/2025.10.10_TBCN_DETRAN.jpg",1200,600,false],"portraits":["https:\/\/goias.gov.br\/abc\/wp-content\/uploads\/sites\/23\/2025\/10\/2025.10.10_TBCN_DETRAN.jpg",1200,600,false],"thumbnail":["https:\/\/goias.gov.br\/abc\/wp-content\/uploads\/sites\/23\/2025\/10\/2025.10.10_TBCN_DETRAN-150x150.jpg",150,150,true],"medium":["https:\/\/goias.gov.br\/abc\/wp-content\/uploads\/sites\/23\/2025\/10\/2025.10.10_TBCN_DETRAN-300x150.jpg",300,150,true],"large":["https:\/\/goias.gov.br\/abc\/wp-content\/uploads\/sites\/23\/2025\/10\/2025.10.10_TBCN_DETRAN-1024x512.jpg",1024,512,true],"1536x1536":["https:\/\/goias.gov.br\/abc\/wp-content\/uploads\/sites\/23\/2025\/10\/2025.10.10_TBCN_DETRAN.jpg",1200,600,false],"2048x2048":["https:\/\/goias.gov.br\/abc\/wp-content\/uploads\/sites\/23\/2025\/10\/2025.10.10_TBCN_DETRAN.jpg",1200,600,false]},"rttpg_author":{"display_name":"marizasantana","author_link":"https:\/\/goias.gov.br\/abc\/author\/marizasantana\/"},"rttpg_comment":0,"rttpg_category":"<a href=\"https:\/\/goias.gov.br\/abc\/categoria\/institucional\/noticias\/\" rel=\"category tag\">Not\u00edcias<\/a>","rttpg_excerpt":"O Detran-GO inaugurou, nesta quinta-feira (9), a primeira etapa da Mini Cidade, um espa\u00e7o destinado \u00e0 educa\u00e7\u00e3o de crian\u00e7as para o tr\u00e2nsito. A TV Brasil Central esteve na sede do \u00f3rg\u00e3o em Goi\u00e2nia, no local onde anteriormente eram realizadas as provas pr\u00e1ticas para tirar carteira de motorista, com o prop\u00f3sito de mostrar como funciona o&hellip;","_links":{"self":[{"href":"https:\/\/goias.gov.br\/abc\/wp-json\/wp\/v2\/posts\/109479","targetHints":{"allow":["GET"]}}],"collection":[{"href":"https:\/\/goias.gov.br\/abc\/wp-json\/wp\/v2\/posts"}],"about":[{"href":"https:\/\/goias.gov.br\/abc\/wp-json\/wp\/v2\/types\/post"}],"author":[{"embeddable":true,"href":"https:\/\/goias.gov.br\/abc\/wp-json\/wp\/v2\/users\/379"}],"replies":[{"embeddable":true,"href":"https:\/\/goias.gov.br\/abc\/wp-json\/wp\/v2\/comments?post=109479"}],"version-history":[{"count":1,"href":"https:\/\/goias.gov.br\/abc\/wp-json\/wp\/v2\/posts\/109479\/revisions"}],"predecessor-version":[{"id":109480,"href":"https:\/\/goias.gov.br\/abc\/wp-json\/wp\/v2\/posts\/109479\/revisions\/109480"}],"wp:featuredmedia":[{"embeddable":true,"href":"https:\/\/goias.gov.br\/abc\/wp-json\/wp\/v2\/media\/109467"}],"wp:attachment":[{"href":"https:\/\/goias.gov.br\/abc\/wp-json\/wp\/v2\/media?parent=109479"}],"wp:term":[{"taxonomy":"category","embeddable":true,"href":"https:\/\/goias.gov.br\/abc\/wp-json\/wp\/v2\/categories?post=109479"},{"taxonomy":"post_tag","embeddable":true,"href":"https:\/\/goias.gov.br\/abc\/wp-json\/wp\/v2\/tags?post=109479"}],"curies":[{"name":"wp","href":"https:\/\/api.w.org\/{rel}","templated":true}]}}