

{"id":109007,"date":"2025-10-09T10:00:31","date_gmt":"2025-10-09T13:00:31","guid":{"rendered":"https:\/\/goias.gov.br\/abc\/?p=109007"},"modified":"2025-10-09T14:01:10","modified_gmt":"2025-10-09T17:01:10","slug":"seca-prolongada-aumenta-risco-de-queimadas-em-goias","status":"publish","type":"post","link":"https:\/\/goias.gov.br\/abc\/seca-prolongada-aumenta-risco-de-queimadas-em-goias\/","title":{"rendered":"Seca prolongada aumenta risco de queimadas em Goi\u00e1s"},"content":{"rendered":"\n<p>O n\u00famero de queimadas aumentou em Goi\u00e1s este ano. Boletim do Centro de Informa\u00e7\u00f5es Meteorol\u00f3gicas e Hidrol\u00f3gicas de Goi\u00e1s (Cimehgo) aponta crescimento de 623% nos focos de inc\u00eandio no Norte do estado, de acordo com reportagem exibida pela TV Brasil Central. O fato causa riscos ao meio ambiente e \u00e0 sa\u00fade da popula\u00e7\u00e3o.<\/p>\n\n\n\n<p>Munic\u00edpios como Cavalcante e Niquel\u00e2ndia est\u00e3o sendo severamente atingidos pelo fogo. O subcomandante geral do Corpo de Bombeiros de Goi\u00e1s, coronel Pablo Lamaro Fraz\u00e3o, informou que a corpora\u00e7\u00e3o conta com cinco frentes de combate a inc\u00eandios no Norte e Nordeste do estado. \u201cEstamos com algumas frentes de servi\u00e7o aqui em Cavalcante. Mas \u00e9 importante frisar que a cidade de Cavalcante n\u00e3o sofre risco\u201d, garantiu.<\/p>\n\n\n\n<p>O Cimehgo alerta ainda para o acr\u00e9scimo do n\u00famero de focos de queimadas acumulados em outubro, na compara\u00e7\u00e3o com o mesmo m\u00eas de 2024. Para o gerente da institui\u00e7\u00e3o, Andr\u00e9 Amorim, existe uma explica\u00e7\u00e3o: \u201cN\u00f3s temos os incendi\u00e1rios, pessoas que v\u00e3o l\u00e1 e come\u00e7am a colocar um fogo\u201d. Dados obtidos pelo Cimehgo, provenientes de sat\u00e9lites, s\u00e3o repassados ao Corpo de Bombeiros, para o combate aos inc\u00eandios. Segundo Andr\u00e9 Amorim, o in\u00edcio das chuvas na regi\u00e3o Nordeste do estado est\u00e1 previsto para a partir do dia 15 pr\u00f3ximo.<\/p>\n\n\n\n<p><strong>ABC Digital<\/strong><\/p>\n\n\n\n<figure class=\"wp-block-embed aligncenter is-type-video is-provider-youtube wp-block-embed-youtube wp-embed-aspect-16-9 wp-has-aspect-ratio\"><div class=\"wp-block-embed__wrapper\">\n<iframe title=\"O Mundo em sua Casa |09-10| Goi\u00e1s enfrenta Seca prolongada e Cimehgo alerta para risco de Queimadas\" width=\"500\" height=\"281\" src=\"https:\/\/www.youtube.com\/embed\/tLWD24uaP1s?feature=oembed\" frameborder=\"0\" allow=\"accelerometer; autoplay; clipboard-write; encrypted-media; gyroscope; picture-in-picture; web-share\" referrerpolicy=\"strict-origin-when-cross-origin\" allowfullscreen><\/iframe>\n<\/div><\/figure>\n","protected":false},"excerpt":{"rendered":"<p>O n\u00famero de queimadas aumentou em Goi\u00e1s este ano. Boletim do Centro de Informa\u00e7\u00f5es Meteorol\u00f3gicas e Hidrol\u00f3gicas de Goi\u00e1s (Cimehgo) aponta crescimento de 623% nos focos de inc\u00eandio no Norte do estado, de acordo com reportagem exibida pela TV Brasil Central. O fato causa riscos ao meio ambiente e \u00e0 sa\u00fade da popula\u00e7\u00e3o. Munic\u00edpios como [&hellip;]<\/p>\n","protected":false},"author":379,"featured_media":18756,"comment_status":"closed","ping_status":"open","sticky":false,"template":"","format":"standard","meta":{"footnotes":""},"categories":[39],"tags":[58],"class_list":["post-109007","post","type-post","status-publish","format-standard","has-post-thumbnail","hentry","category-noticias","tag-jornalismo"],"rttpg_featured_image_url":{"full":["https:\/\/goias.gov.br\/abc\/wp-content\/uploads\/sites\/23\/2022\/10\/14.10_OMESC_QUEIMADA-8ed.jpg",1280,720,false],"landscape":["https:\/\/goias.gov.br\/abc\/wp-content\/uploads\/sites\/23\/2022\/10\/14.10_OMESC_QUEIMADA-8ed.jpg",1280,720,false],"portraits":["https:\/\/goias.gov.br\/abc\/wp-content\/uploads\/sites\/23\/2022\/10\/14.10_OMESC_QUEIMADA-8ed.jpg",1280,720,false],"thumbnail":["https:\/\/goias.gov.br\/abc\/wp-content\/uploads\/sites\/23\/2022\/10\/14.10_OMESC_QUEIMADA-8ed-150x150.jpg",150,150,true],"medium":["https:\/\/goias.gov.br\/abc\/wp-content\/uploads\/sites\/23\/2022\/10\/14.10_OMESC_QUEIMADA-8ed-300x169.jpg",300,169,true],"large":["https:\/\/goias.gov.br\/abc\/wp-content\/uploads\/sites\/23\/2022\/10\/14.10_OMESC_QUEIMADA-8ed-1024x576.jpg",1024,576,true],"1536x1536":["https:\/\/goias.gov.br\/abc\/wp-content\/uploads\/sites\/23\/2022\/10\/14.10_OMESC_QUEIMADA-8ed.jpg",1280,720,false],"2048x2048":["https:\/\/goias.gov.br\/abc\/wp-content\/uploads\/sites\/23\/2022\/10\/14.10_OMESC_QUEIMADA-8ed.jpg",1280,720,false]},"rttpg_author":{"display_name":"marizasantana","author_link":"https:\/\/goias.gov.br\/abc\/author\/marizasantana\/"},"rttpg_comment":0,"rttpg_category":"<a href=\"https:\/\/goias.gov.br\/abc\/categoria\/institucional\/noticias\/\" rel=\"category tag\">Not\u00edcias<\/a>","rttpg_excerpt":"O n\u00famero de queimadas aumentou em Goi\u00e1s este ano. Boletim do Centro de Informa\u00e7\u00f5es Meteorol\u00f3gicas e Hidrol\u00f3gicas de Goi\u00e1s (Cimehgo) aponta crescimento de 623% nos focos de inc\u00eandio no Norte do estado, de acordo com reportagem exibida pela TV Brasil Central. O fato causa riscos ao meio ambiente e \u00e0 sa\u00fade da popula\u00e7\u00e3o. Munic\u00edpios como&hellip;","_links":{"self":[{"href":"https:\/\/goias.gov.br\/abc\/wp-json\/wp\/v2\/posts\/109007","targetHints":{"allow":["GET"]}}],"collection":[{"href":"https:\/\/goias.gov.br\/abc\/wp-json\/wp\/v2\/posts"}],"about":[{"href":"https:\/\/goias.gov.br\/abc\/wp-json\/wp\/v2\/types\/post"}],"author":[{"embeddable":true,"href":"https:\/\/goias.gov.br\/abc\/wp-json\/wp\/v2\/users\/379"}],"replies":[{"embeddable":true,"href":"https:\/\/goias.gov.br\/abc\/wp-json\/wp\/v2\/comments?post=109007"}],"version-history":[{"count":2,"href":"https:\/\/goias.gov.br\/abc\/wp-json\/wp\/v2\/posts\/109007\/revisions"}],"predecessor-version":[{"id":109343,"href":"https:\/\/goias.gov.br\/abc\/wp-json\/wp\/v2\/posts\/109007\/revisions\/109343"}],"wp:featuredmedia":[{"embeddable":true,"href":"https:\/\/goias.gov.br\/abc\/wp-json\/wp\/v2\/media\/18756"}],"wp:attachment":[{"href":"https:\/\/goias.gov.br\/abc\/wp-json\/wp\/v2\/media?parent=109007"}],"wp:term":[{"taxonomy":"category","embeddable":true,"href":"https:\/\/goias.gov.br\/abc\/wp-json\/wp\/v2\/categories?post=109007"},{"taxonomy":"post_tag","embeddable":true,"href":"https:\/\/goias.gov.br\/abc\/wp-json\/wp\/v2\/tags?post=109007"}],"curies":[{"name":"wp","href":"https:\/\/api.w.org\/{rel}","templated":true}]}}