

{"id":107252,"date":"2025-10-06T09:30:00","date_gmt":"2025-10-06T12:30:00","guid":{"rendered":"https:\/\/goias.gov.br\/abc\/?p=107252"},"modified":"2025-10-06T10:14:52","modified_gmt":"2025-10-06T13:14:52","slug":"leilao-da-celppar-contribui-para-diminuir-gastos-no-estado-diz-caiado","status":"publish","type":"post","link":"https:\/\/goias.gov.br\/abc\/leilao-da-celppar-contribui-para-diminuir-gastos-no-estado-diz-caiado\/","title":{"rendered":"Leil\u00e3o da CelpPar contribui para diminuir gastos no estado, diz Caiado"},"content":{"rendered":"\n<p>Em leil\u00e3o realizado na Bolsa de Valores de S\u00e3o Paulo (B3), na \u00faltima sexta-feira (3), o governo de Goi\u00e1s, por interm\u00e9dio da Companhia Celg de Participa\u00e7\u00f5es (CelgPar), leiloou quatro ativos de transmiss\u00e3o e de gera\u00e7\u00e3o de energia, que eram pertencentes \u00e0 estatal goiana. A TV Brasil Central exibiu reportagem sobre o leil\u00e3o.<\/p>\n\n\n\n<p>Na ocasi\u00e3o, o secret\u00e1rio-geral de Governo e presidente da companhia, Adriano Rocha Lima, declarou que a aliena\u00e7\u00e3o dos ativos era planejada desde 2021. Ele agradeceu o interesse e a participa\u00e7\u00e3o dos investidores no leil\u00e3o, que foi dividido em quatro lotes. A expectativa da CelgPar era arrecadar total de R$ 190 milh\u00f5es, mas foram obtidos R$ 227,3 milh\u00f5es.<\/p>\n\n\n\n<p>Presente ao evento, o governador Ronaldo Caiado destacou, em seu pronunciamento, a import\u00e2ncia do leil\u00e3o para diminuir os gastos no estado. \u201cEu quero dizer, como gestor e j\u00e1 no final do meu segundo mandato, o quanto uma administra\u00e7\u00e3o faz com que o estado passe a ser refer\u00eancia\u201d, afirmou, apontando a redu\u00e7\u00e3o de gastos p\u00fablicos com o pode ser administrado pela iniciativa privada. \u201cEssa tem sido a t\u00f4nica do governo de Goi\u00e1s\u201d, declarou.<\/p>\n\n\n\n<p><strong>ABC Digital<\/strong><\/p>\n","protected":false},"excerpt":{"rendered":"<p>Em leil\u00e3o realizado na Bolsa de Valores de S\u00e3o Paulo (B3), na \u00faltima sexta-feira (3), o governo de Goi\u00e1s, por interm\u00e9dio da Companhia Celg de Participa\u00e7\u00f5es (CelgPar), leiloou quatro ativos de transmiss\u00e3o e de gera\u00e7\u00e3o de energia, que eram pertencentes \u00e0 estatal goiana. A TV Brasil Central exibiu reportagem sobre o leil\u00e3o. Na ocasi\u00e3o, o [&hellip;]<\/p>\n","protected":false},"author":379,"featured_media":107265,"comment_status":"closed","ping_status":"open","sticky":false,"template":"","format":"standard","meta":{"footnotes":""},"categories":[39],"tags":[58],"class_list":["post-107252","post","type-post","status-publish","format-standard","has-post-thumbnail","hentry","category-noticias","tag-jornalismo"],"rttpg_featured_image_url":{"full":["https:\/\/goias.gov.br\/abc\/wp-content\/uploads\/sites\/23\/2025\/10\/2025.10.06_OMESC_CELGPAR.jpg",1200,600,false],"landscape":["https:\/\/goias.gov.br\/abc\/wp-content\/uploads\/sites\/23\/2025\/10\/2025.10.06_OMESC_CELGPAR.jpg",1200,600,false],"portraits":["https:\/\/goias.gov.br\/abc\/wp-content\/uploads\/sites\/23\/2025\/10\/2025.10.06_OMESC_CELGPAR.jpg",1200,600,false],"thumbnail":["https:\/\/goias.gov.br\/abc\/wp-content\/uploads\/sites\/23\/2025\/10\/2025.10.06_OMESC_CELGPAR-150x150.jpg",150,150,true],"medium":["https:\/\/goias.gov.br\/abc\/wp-content\/uploads\/sites\/23\/2025\/10\/2025.10.06_OMESC_CELGPAR-300x150.jpg",300,150,true],"large":["https:\/\/goias.gov.br\/abc\/wp-content\/uploads\/sites\/23\/2025\/10\/2025.10.06_OMESC_CELGPAR-1024x512.jpg",1024,512,true],"1536x1536":["https:\/\/goias.gov.br\/abc\/wp-content\/uploads\/sites\/23\/2025\/10\/2025.10.06_OMESC_CELGPAR.jpg",1200,600,false],"2048x2048":["https:\/\/goias.gov.br\/abc\/wp-content\/uploads\/sites\/23\/2025\/10\/2025.10.06_OMESC_CELGPAR.jpg",1200,600,false]},"rttpg_author":{"display_name":"marizasantana","author_link":"https:\/\/goias.gov.br\/abc\/author\/marizasantana\/"},"rttpg_comment":0,"rttpg_category":"<a href=\"https:\/\/goias.gov.br\/abc\/categoria\/institucional\/noticias\/\" rel=\"category tag\">Not\u00edcias<\/a>","rttpg_excerpt":"Em leil\u00e3o realizado na Bolsa de Valores de S\u00e3o Paulo (B3), na \u00faltima sexta-feira (3), o governo de Goi\u00e1s, por interm\u00e9dio da Companhia Celg de Participa\u00e7\u00f5es (CelgPar), leiloou quatro ativos de transmiss\u00e3o e de gera\u00e7\u00e3o de energia, que eram pertencentes \u00e0 estatal goiana. A TV Brasil Central exibiu reportagem sobre o leil\u00e3o. Na ocasi\u00e3o, o&hellip;","_links":{"self":[{"href":"https:\/\/goias.gov.br\/abc\/wp-json\/wp\/v2\/posts\/107252","targetHints":{"allow":["GET"]}}],"collection":[{"href":"https:\/\/goias.gov.br\/abc\/wp-json\/wp\/v2\/posts"}],"about":[{"href":"https:\/\/goias.gov.br\/abc\/wp-json\/wp\/v2\/types\/post"}],"author":[{"embeddable":true,"href":"https:\/\/goias.gov.br\/abc\/wp-json\/wp\/v2\/users\/379"}],"replies":[{"embeddable":true,"href":"https:\/\/goias.gov.br\/abc\/wp-json\/wp\/v2\/comments?post=107252"}],"version-history":[{"count":1,"href":"https:\/\/goias.gov.br\/abc\/wp-json\/wp\/v2\/posts\/107252\/revisions"}],"predecessor-version":[{"id":107253,"href":"https:\/\/goias.gov.br\/abc\/wp-json\/wp\/v2\/posts\/107252\/revisions\/107253"}],"wp:featuredmedia":[{"embeddable":true,"href":"https:\/\/goias.gov.br\/abc\/wp-json\/wp\/v2\/media\/107265"}],"wp:attachment":[{"href":"https:\/\/goias.gov.br\/abc\/wp-json\/wp\/v2\/media?parent=107252"}],"wp:term":[{"taxonomy":"category","embeddable":true,"href":"https:\/\/goias.gov.br\/abc\/wp-json\/wp\/v2\/categories?post=107252"},{"taxonomy":"post_tag","embeddable":true,"href":"https:\/\/goias.gov.br\/abc\/wp-json\/wp\/v2\/tags?post=107252"}],"curies":[{"name":"wp","href":"https:\/\/api.w.org\/{rel}","templated":true}]}}