

{"id":104827,"date":"2025-09-25T15:00:00","date_gmt":"2025-09-25T18:00:00","guid":{"rendered":"https:\/\/goias.gov.br\/abc\/?p=104827"},"modified":"2025-09-25T16:22:40","modified_gmt":"2025-09-25T19:22:40","slug":"programa-de-quinta-traz-a-musica-do-pink-opala-e-a-danca-de-barbara-lopes","status":"publish","type":"post","link":"https:\/\/goias.gov.br\/abc\/programa-de-quinta-traz-a-musica-do-pink-opala-e-a-danca-de-barbara-lopes\/","title":{"rendered":"Programa de Quinta traz a m\u00fasica do Pink Opala e a dan\u00e7a de B\u00e1rbara Lopes \u00a0"},"content":{"rendered":"\n<p>O Programa de Quinta chega com novidades da m\u00fasica pop e da dan\u00e7a contempor\u00e2nea de Goi\u00e1s. A partir das 16h, Maz\u00e9 Alves e Gra\u00e7a Torres recebem no est\u00fadio da TV Brasil Central da dupla Nataly Martins e Jo\u00e3o Victor, que formam a dupla musical Pink Opala, e a bailarina B\u00e1rbara Lopes. O programa tem reprise na TBC nesta mesma quinta-feira (25) \u00e0s 23 horas. \u00c9 poss\u00edvel acompanhar tamb\u00e9m pelo canal da emissora no YouTube.<\/p>\n\n\n\n<p>A dupla Pink Opala foi formada em Goi\u00e2nia num encontro fortuito entre Nataly Martins, vocalista, compositora e videomaker, e Jo\u00e3o Victor, guitarrista e produtor que j\u00e1 colaborou com bandas conhecidas da cena goiana, como Carne Doce e Jamgodub. Do encontro nasceu a afinidade musical e as primeiras can\u00e7\u00f5es, que deram origem ao \u00e1lbum Sempre Nunca. Na entrevista, eles tocam, cantam e contam essa trajet\u00f3ria que ganhou recentemente uma cole\u00e7\u00e3o de v\u00eddeos do \u00e1lbum.<\/p>\n\n\n\n<p>J\u00e1 a bailarina B\u00e1rbara Lopes fala de sua hist\u00f3ria na dan\u00e7a contempor\u00e2nea e d\u00e1 detalhes do espet\u00e1culo que ela levar\u00e1 ao palco do Centro Cultural UFG, em Goi\u00e2nia, no pr\u00f3ximo dia 2 de outubro. \u00c9 a Mostra Bacae Dan\u00e7a Experience. A mostra ser\u00e1 completada com uma palestra do pr\u00f3prio Instituto Bacae sobre reflex\u00f5es para inspirar a\u00e7\u00f5es de fortalecimento comunit\u00e1rio. &nbsp;&nbsp;&nbsp;&nbsp;<\/p>\n\n\n\n<p><strong>ABC Digital<\/strong><\/p>\n\n\n\n<figure class=\"wp-block-embed aligncenter is-type-video is-provider-youtube wp-block-embed-youtube wp-embed-aspect-4-3 wp-has-aspect-ratio\"><div class=\"wp-block-embed__wrapper\">\n<iframe title=\"PSICODELIA E DAN\u00c7A CONTEMPOR\u00c2NEA TOMAM CONTA DO PROGRAMA DE QUINTA | 25\/09\/2025\" width=\"500\" height=\"375\" src=\"https:\/\/www.youtube.com\/embed\/Q3g6PBlQvwU?feature=oembed\" frameborder=\"0\" allow=\"accelerometer; autoplay; clipboard-write; encrypted-media; gyroscope; picture-in-picture; web-share\" referrerpolicy=\"strict-origin-when-cross-origin\" allowfullscreen><\/iframe>\n<\/div><\/figure>\n","protected":false},"excerpt":{"rendered":"<p>O Programa de Quinta chega com novidades da m\u00fasica pop e da dan\u00e7a contempor\u00e2nea de Goi\u00e1s. A partir das 16h, Maz\u00e9 Alves e Gra\u00e7a Torres recebem no est\u00fadio da TV Brasil Central da dupla Nataly Martins e Jo\u00e3o Victor, que formam a dupla musical Pink Opala, e a bailarina B\u00e1rbara Lopes. O programa tem reprise [&hellip;]<\/p>\n","protected":false},"author":377,"featured_media":43172,"comment_status":"closed","ping_status":"open","sticky":false,"template":"","format":"standard","meta":{"footnotes":""},"categories":[39],"tags":[57],"class_list":["post-104827","post","type-post","status-publish","format-standard","has-post-thumbnail","hentry","category-noticias","tag-programacao"],"rttpg_featured_image_url":{"full":["https:\/\/goias.gov.br\/abc\/wp-content\/uploads\/sites\/23\/2024\/11\/2024.11.14_PD_QUINTA.jpg",1200,600,false],"landscape":["https:\/\/goias.gov.br\/abc\/wp-content\/uploads\/sites\/23\/2024\/11\/2024.11.14_PD_QUINTA.jpg",1200,600,false],"portraits":["https:\/\/goias.gov.br\/abc\/wp-content\/uploads\/sites\/23\/2024\/11\/2024.11.14_PD_QUINTA.jpg",1200,600,false],"thumbnail":["https:\/\/goias.gov.br\/abc\/wp-content\/uploads\/sites\/23\/2024\/11\/2024.11.14_PD_QUINTA-150x150.jpg",150,150,true],"medium":["https:\/\/goias.gov.br\/abc\/wp-content\/uploads\/sites\/23\/2024\/11\/2024.11.14_PD_QUINTA-300x150.jpg",300,150,true],"large":["https:\/\/goias.gov.br\/abc\/wp-content\/uploads\/sites\/23\/2024\/11\/2024.11.14_PD_QUINTA-1024x512.jpg",1024,512,true],"1536x1536":["https:\/\/goias.gov.br\/abc\/wp-content\/uploads\/sites\/23\/2024\/11\/2024.11.14_PD_QUINTA.jpg",1200,600,false],"2048x2048":["https:\/\/goias.gov.br\/abc\/wp-content\/uploads\/sites\/23\/2024\/11\/2024.11.14_PD_QUINTA.jpg",1200,600,false]},"rttpg_author":{"display_name":"edsonfonseca","author_link":"https:\/\/goias.gov.br\/abc\/author\/edsonfonseca\/"},"rttpg_comment":0,"rttpg_category":"<a href=\"https:\/\/goias.gov.br\/abc\/categoria\/institucional\/noticias\/\" rel=\"category tag\">Not\u00edcias<\/a>","rttpg_excerpt":"O Programa de Quinta chega com novidades da m\u00fasica pop e da dan\u00e7a contempor\u00e2nea de Goi\u00e1s. A partir das 16h, Maz\u00e9 Alves e Gra\u00e7a Torres recebem no est\u00fadio da TV Brasil Central da dupla Nataly Martins e Jo\u00e3o Victor, que formam a dupla musical Pink Opala, e a bailarina B\u00e1rbara Lopes. O programa tem reprise&hellip;","_links":{"self":[{"href":"https:\/\/goias.gov.br\/abc\/wp-json\/wp\/v2\/posts\/104827","targetHints":{"allow":["GET"]}}],"collection":[{"href":"https:\/\/goias.gov.br\/abc\/wp-json\/wp\/v2\/posts"}],"about":[{"href":"https:\/\/goias.gov.br\/abc\/wp-json\/wp\/v2\/types\/post"}],"author":[{"embeddable":true,"href":"https:\/\/goias.gov.br\/abc\/wp-json\/wp\/v2\/users\/377"}],"replies":[{"embeddable":true,"href":"https:\/\/goias.gov.br\/abc\/wp-json\/wp\/v2\/comments?post=104827"}],"version-history":[{"count":2,"href":"https:\/\/goias.gov.br\/abc\/wp-json\/wp\/v2\/posts\/104827\/revisions"}],"predecessor-version":[{"id":104936,"href":"https:\/\/goias.gov.br\/abc\/wp-json\/wp\/v2\/posts\/104827\/revisions\/104936"}],"wp:featuredmedia":[{"embeddable":true,"href":"https:\/\/goias.gov.br\/abc\/wp-json\/wp\/v2\/media\/43172"}],"wp:attachment":[{"href":"https:\/\/goias.gov.br\/abc\/wp-json\/wp\/v2\/media?parent=104827"}],"wp:term":[{"taxonomy":"category","embeddable":true,"href":"https:\/\/goias.gov.br\/abc\/wp-json\/wp\/v2\/categories?post=104827"},{"taxonomy":"post_tag","embeddable":true,"href":"https:\/\/goias.gov.br\/abc\/wp-json\/wp\/v2\/tags?post=104827"}],"curies":[{"name":"wp","href":"https:\/\/api.w.org\/{rel}","templated":true}]}}