

{"id":104224,"date":"2025-09-23T08:00:00","date_gmt":"2025-09-23T11:00:00","guid":{"rendered":"https:\/\/goias.gov.br\/abc\/?p=104224"},"modified":"2025-09-24T10:49:36","modified_gmt":"2025-09-24T13:49:36","slug":"tbc-pop-aborda-a-campanha-setembro-amarelo","status":"publish","type":"post","link":"https:\/\/goias.gov.br\/abc\/tbc-pop-aborda-a-campanha-setembro-amarelo\/","title":{"rendered":"TBC Pop aborda a campanha Setembro Amarelo"},"content":{"rendered":"\n<p>O <em>TBC Pop<\/em> desta ter\u00e7a-feira (23), apresentado ao vivo por Mariana Gidr\u00e3o, vai abordar a campanha brasileira de preven\u00e7\u00e3o ao suic\u00eddio denominada <em>Setembro Amarelo<\/em>. O programa, que vai ao ar a partir das 16 horas, pretende ir al\u00e9m da conscientiza\u00e7\u00e3o sobre o tema, mas ser um convite ao cuidado, \u00e0 escuta e \u00e0 empatia. Por isso, apresentar\u00e1 hist\u00f3rias que tocam, inspiram e salvam.<\/p>\n\n\n\n<p>Os convidados s\u00e3o: Analucy Oliveira, neuropsic\u00f3loga e doutora em Ci\u00eancias da Sa\u00fade, que compartilhar\u00e1 orienta\u00e7\u00f5es pr\u00e1ticas para identificar sinais de alerta e fortalecer a rede de apoio; Saul Ezrom, m\u00e9dico ortopedista e bombeiro militar, que vai falar sobre equil\u00edbrio f\u00edsico e emocional e o papel do atendimento emergencial; Mirian Moraes, terapeuta que trar\u00e1 uma vis\u00e3o humanizada de autoconhecimento e reconstru\u00e7\u00e3o emocional; e Marcus Paulo, psic\u00f3logo cl\u00ednico que apresentar\u00e1 estrat\u00e9gias de preven\u00e7\u00e3o e acolhimento para fam\u00edlias e comunidades.<\/p>\n\n\n\n<p>A <em>Hora Pop<\/em> ser\u00e1 animada pelo cantor, compositor e influencer digital Lucas Souza. Ele vai interpretar can\u00e7\u00f5es de acolhimento e supera\u00e7\u00e3o em uma performance intimista. O&nbsp;<em>TBC Pop<\/em>&nbsp;vai ao ar nesta ter\u00e7a-feira (22), \u00e0s 16 horas, com reprise no mesmo dia, \u00e0s 23h30, pelo canal aberto 13.1, NET (20) e Sky (303). Tamb\u00e9m pode ser assistido no canal do YouTube da TV Brasil Central.<\/p>\n\n\n\n<p><strong>ABC Digital<\/strong><strong><\/strong><\/p>\n\n\n\n<figure class=\"wp-block-embed aligncenter is-type-video is-provider-youtube wp-block-embed-youtube wp-embed-aspect-4-3 wp-has-aspect-ratio\"><div class=\"wp-block-embed__wrapper\">\n<iframe title=\"SETEMBRO AMARELO \u00c9 POP | TBC POP | 23\/09\/2025\" width=\"500\" height=\"375\" src=\"https:\/\/www.youtube.com\/embed\/rfKvARfuEgk?feature=oembed\" frameborder=\"0\" allow=\"accelerometer; autoplay; clipboard-write; encrypted-media; gyroscope; picture-in-picture; web-share\" referrerpolicy=\"strict-origin-when-cross-origin\" allowfullscreen><\/iframe>\n<\/div><\/figure>\n","protected":false},"excerpt":{"rendered":"<p>O TBC Pop desta ter\u00e7a-feira (23), apresentado ao vivo por Mariana Gidr\u00e3o, vai abordar a campanha brasileira de preven\u00e7\u00e3o ao suic\u00eddio denominada Setembro Amarelo. O programa, que vai ao ar a partir das 16 horas, pretende ir al\u00e9m da conscientiza\u00e7\u00e3o sobre o tema, mas ser um convite ao cuidado, \u00e0 escuta e \u00e0 empatia. Por [&hellip;]<\/p>\n","protected":false},"author":379,"featured_media":104262,"comment_status":"closed","ping_status":"open","sticky":false,"template":"","format":"standard","meta":{"footnotes":""},"categories":[39],"tags":[57],"class_list":["post-104224","post","type-post","status-publish","format-standard","has-post-thumbnail","hentry","category-noticias","tag-programacao"],"rttpg_featured_image_url":{"full":["https:\/\/goias.gov.br\/abc\/wp-content\/uploads\/sites\/23\/2025\/09\/2025.09.23_TBC_POP.jpg",1200,600,false],"landscape":["https:\/\/goias.gov.br\/abc\/wp-content\/uploads\/sites\/23\/2025\/09\/2025.09.23_TBC_POP.jpg",1200,600,false],"portraits":["https:\/\/goias.gov.br\/abc\/wp-content\/uploads\/sites\/23\/2025\/09\/2025.09.23_TBC_POP.jpg",1200,600,false],"thumbnail":["https:\/\/goias.gov.br\/abc\/wp-content\/uploads\/sites\/23\/2025\/09\/2025.09.23_TBC_POP-150x150.jpg",150,150,true],"medium":["https:\/\/goias.gov.br\/abc\/wp-content\/uploads\/sites\/23\/2025\/09\/2025.09.23_TBC_POP-300x150.jpg",300,150,true],"large":["https:\/\/goias.gov.br\/abc\/wp-content\/uploads\/sites\/23\/2025\/09\/2025.09.23_TBC_POP-1024x512.jpg",1024,512,true],"1536x1536":["https:\/\/goias.gov.br\/abc\/wp-content\/uploads\/sites\/23\/2025\/09\/2025.09.23_TBC_POP.jpg",1200,600,false],"2048x2048":["https:\/\/goias.gov.br\/abc\/wp-content\/uploads\/sites\/23\/2025\/09\/2025.09.23_TBC_POP.jpg",1200,600,false]},"rttpg_author":{"display_name":"marizasantana","author_link":"https:\/\/goias.gov.br\/abc\/author\/marizasantana\/"},"rttpg_comment":0,"rttpg_category":"<a href=\"https:\/\/goias.gov.br\/abc\/categoria\/institucional\/noticias\/\" rel=\"category tag\">Not\u00edcias<\/a>","rttpg_excerpt":"O TBC Pop desta ter\u00e7a-feira (23), apresentado ao vivo por Mariana Gidr\u00e3o, vai abordar a campanha brasileira de preven\u00e7\u00e3o ao suic\u00eddio denominada Setembro Amarelo. O programa, que vai ao ar a partir das 16 horas, pretende ir al\u00e9m da conscientiza\u00e7\u00e3o sobre o tema, mas ser um convite ao cuidado, \u00e0 escuta e \u00e0 empatia. Por&hellip;","_links":{"self":[{"href":"https:\/\/goias.gov.br\/abc\/wp-json\/wp\/v2\/posts\/104224","targetHints":{"allow":["GET"]}}],"collection":[{"href":"https:\/\/goias.gov.br\/abc\/wp-json\/wp\/v2\/posts"}],"about":[{"href":"https:\/\/goias.gov.br\/abc\/wp-json\/wp\/v2\/types\/post"}],"author":[{"embeddable":true,"href":"https:\/\/goias.gov.br\/abc\/wp-json\/wp\/v2\/users\/379"}],"replies":[{"embeddable":true,"href":"https:\/\/goias.gov.br\/abc\/wp-json\/wp\/v2\/comments?post=104224"}],"version-history":[{"count":2,"href":"https:\/\/goias.gov.br\/abc\/wp-json\/wp\/v2\/posts\/104224\/revisions"}],"predecessor-version":[{"id":104279,"href":"https:\/\/goias.gov.br\/abc\/wp-json\/wp\/v2\/posts\/104224\/revisions\/104279"}],"wp:featuredmedia":[{"embeddable":true,"href":"https:\/\/goias.gov.br\/abc\/wp-json\/wp\/v2\/media\/104262"}],"wp:attachment":[{"href":"https:\/\/goias.gov.br\/abc\/wp-json\/wp\/v2\/media?parent=104224"}],"wp:term":[{"taxonomy":"category","embeddable":true,"href":"https:\/\/goias.gov.br\/abc\/wp-json\/wp\/v2\/categories?post=104224"},{"taxonomy":"post_tag","embeddable":true,"href":"https:\/\/goias.gov.br\/abc\/wp-json\/wp\/v2\/tags?post=104224"}],"curies":[{"name":"wp","href":"https:\/\/api.w.org\/{rel}","templated":true}]}}