

{"id":102754,"date":"2025-09-15T15:29:07","date_gmt":"2025-09-15T18:29:07","guid":{"rendered":"https:\/\/goias.gov.br\/abc\/?p=102754"},"modified":"2025-09-15T15:29:08","modified_gmt":"2025-09-15T18:29:08","slug":"vacinacao-contra-hpv-e-ampliada-para-adolescentes-e-jovens","status":"publish","type":"post","link":"https:\/\/goias.gov.br\/abc\/vacinacao-contra-hpv-e-ampliada-para-adolescentes-e-jovens\/","title":{"rendered":"Vacina\u00e7\u00e3o contra HPV \u00e9 ampliada para adolescentes e jovens \u00a0\u00a0"},"content":{"rendered":"\n<p>O Minist\u00e9rio da Sa\u00fade liberou a amplia\u00e7\u00e3o do p\u00fablico atendido na vacina\u00e7\u00e3o contra HPV em Goi\u00e1s. Antes aplicada prioritariamente em crian\u00e7as e adolescentes de 9 a 14 anos, agora a vacina poder\u00e1 ser feita tamb\u00e9m at\u00e9 dezembro em adolescentes maiores de 14 anos e jovens de at\u00e9 19 anos. O objetivo \u00e9 aumentar a cobertura vacinal contra a doen\u00e7a.<\/p>\n\n\n\n<p>O <em>Jornal Brasil Central<\/em> desta segunda-feira (15) recebeu no est\u00fadio Alessandra Santana, coordenadora de a\u00e7\u00f5es de Imuniza\u00e7\u00e3o da Secretaria de Estado da Sa\u00fade (SES), para falar sobre o assunto no quadro Sua Sa\u00fade Importa. Segundo ela, a vacina protege meninas e meninas do risco de contrair doen\u00e7as sexualmente transmiss\u00edveis e tamb\u00e9m c\u00e2ncer. Ela ressaltou a seguran\u00e7a do imunizante e a import\u00e2ncia de os pais levarem os filhos nas cerca de mil salas de vacina\u00e7\u00e3o do estado. \u00a0<\/p>\n\n\n\n<p><strong>ABC Digital<\/strong><\/p>\n","protected":false},"excerpt":{"rendered":"<p>O Minist\u00e9rio da Sa\u00fade liberou a amplia\u00e7\u00e3o do p\u00fablico atendido na vacina\u00e7\u00e3o contra HPV em Goi\u00e1s. Antes aplicada prioritariamente em crian\u00e7as e adolescentes de 9 a 14 anos, agora a vacina poder\u00e1 ser feita tamb\u00e9m at\u00e9 dezembro em adolescentes maiores de 14 anos e jovens de at\u00e9 19 anos. O objetivo \u00e9 aumentar a cobertura [&hellip;]<\/p>\n","protected":false},"author":377,"featured_media":102791,"comment_status":"closed","ping_status":"open","sticky":false,"template":"","format":"standard","meta":{"footnotes":""},"categories":[39],"tags":[58],"class_list":["post-102754","post","type-post","status-publish","format-standard","has-post-thumbnail","hentry","category-noticias","tag-jornalismo"],"rttpg_featured_image_url":{"full":["https:\/\/goias.gov.br\/abc\/wp-content\/uploads\/sites\/23\/2025\/09\/2025.09.15_JBC_HPV.jpg",1200,600,false],"landscape":["https:\/\/goias.gov.br\/abc\/wp-content\/uploads\/sites\/23\/2025\/09\/2025.09.15_JBC_HPV.jpg",1200,600,false],"portraits":["https:\/\/goias.gov.br\/abc\/wp-content\/uploads\/sites\/23\/2025\/09\/2025.09.15_JBC_HPV.jpg",1200,600,false],"thumbnail":["https:\/\/goias.gov.br\/abc\/wp-content\/uploads\/sites\/23\/2025\/09\/2025.09.15_JBC_HPV-150x150.jpg",150,150,true],"medium":["https:\/\/goias.gov.br\/abc\/wp-content\/uploads\/sites\/23\/2025\/09\/2025.09.15_JBC_HPV-300x150.jpg",300,150,true],"large":["https:\/\/goias.gov.br\/abc\/wp-content\/uploads\/sites\/23\/2025\/09\/2025.09.15_JBC_HPV-1024x512.jpg",1024,512,true],"1536x1536":["https:\/\/goias.gov.br\/abc\/wp-content\/uploads\/sites\/23\/2025\/09\/2025.09.15_JBC_HPV.jpg",1200,600,false],"2048x2048":["https:\/\/goias.gov.br\/abc\/wp-content\/uploads\/sites\/23\/2025\/09\/2025.09.15_JBC_HPV.jpg",1200,600,false]},"rttpg_author":{"display_name":"edsonfonseca","author_link":"https:\/\/goias.gov.br\/abc\/author\/edsonfonseca\/"},"rttpg_comment":0,"rttpg_category":"<a href=\"https:\/\/goias.gov.br\/abc\/categoria\/institucional\/noticias\/\" rel=\"category tag\">Not\u00edcias<\/a>","rttpg_excerpt":"O Minist\u00e9rio da Sa\u00fade liberou a amplia\u00e7\u00e3o do p\u00fablico atendido na vacina\u00e7\u00e3o contra HPV em Goi\u00e1s. Antes aplicada prioritariamente em crian\u00e7as e adolescentes de 9 a 14 anos, agora a vacina poder\u00e1 ser feita tamb\u00e9m at\u00e9 dezembro em adolescentes maiores de 14 anos e jovens de at\u00e9 19 anos. O objetivo \u00e9 aumentar a cobertura&hellip;","_links":{"self":[{"href":"https:\/\/goias.gov.br\/abc\/wp-json\/wp\/v2\/posts\/102754","targetHints":{"allow":["GET"]}}],"collection":[{"href":"https:\/\/goias.gov.br\/abc\/wp-json\/wp\/v2\/posts"}],"about":[{"href":"https:\/\/goias.gov.br\/abc\/wp-json\/wp\/v2\/types\/post"}],"author":[{"embeddable":true,"href":"https:\/\/goias.gov.br\/abc\/wp-json\/wp\/v2\/users\/377"}],"replies":[{"embeddable":true,"href":"https:\/\/goias.gov.br\/abc\/wp-json\/wp\/v2\/comments?post=102754"}],"version-history":[{"count":2,"href":"https:\/\/goias.gov.br\/abc\/wp-json\/wp\/v2\/posts\/102754\/revisions"}],"predecessor-version":[{"id":102756,"href":"https:\/\/goias.gov.br\/abc\/wp-json\/wp\/v2\/posts\/102754\/revisions\/102756"}],"wp:featuredmedia":[{"embeddable":true,"href":"https:\/\/goias.gov.br\/abc\/wp-json\/wp\/v2\/media\/102791"}],"wp:attachment":[{"href":"https:\/\/goias.gov.br\/abc\/wp-json\/wp\/v2\/media?parent=102754"}],"wp:term":[{"taxonomy":"category","embeddable":true,"href":"https:\/\/goias.gov.br\/abc\/wp-json\/wp\/v2\/categories?post=102754"},{"taxonomy":"post_tag","embeddable":true,"href":"https:\/\/goias.gov.br\/abc\/wp-json\/wp\/v2\/tags?post=102754"}],"curies":[{"name":"wp","href":"https:\/\/api.w.org\/{rel}","templated":true}]}}