

{"id":100672,"date":"2025-09-08T09:30:00","date_gmt":"2025-09-08T12:30:00","guid":{"rendered":"https:\/\/goias.gov.br\/abc\/?p=100672"},"modified":"2025-09-08T14:43:04","modified_gmt":"2025-09-08T17:43:04","slug":"saneago-entrega-novos-reservatorios-de-agua-para-jatai","status":"publish","type":"post","link":"https:\/\/goias.gov.br\/abc\/saneago-entrega-novos-reservatorios-de-agua-para-jatai\/","title":{"rendered":"Saneago entrega novos reservat\u00f3rios de \u00e1gua para Jata\u00ed"},"content":{"rendered":"\n<p>Na \u00faltima sexta-feira (5), o vice-governador Daniel Vilela esteve em Jata\u00ed, no Sudoeste Goiano, para inaugurar a obra da Saneago da nova capta\u00e7\u00e3o de \u00e1gua no rio Claro, com capacidade de 480 litros por segundo. Tamb\u00e9m foram entregues duas esta\u00e7\u00f5es elevat\u00f3rias, uma subesta\u00e7\u00e3o el\u00e9trica, 435 metros de adutora, o Centro Reserva\u00e7\u00e3o com 1 milh\u00e3o de litros e um reservat\u00f3rio hidropneum\u00e1tico. Foi o que mostrou reportagem exibida pela TV Brasil Central.<\/p>\n\n\n\n<p>Daniel Vilela ressaltou a import\u00e2ncia do fornecimento da \u00e1gua para os moradores de Jata\u00ed, lembrando que as obras s\u00e3o valiosas tamb\u00e9m para apoiar o desenvolvimento econ\u00f4mico da cidade. \u201cJata\u00ed ficou penalizada durante mais de 15 anos porque a Saneago n\u00e3o fazia essa obra de capta\u00e7\u00e3o e, portanto, n\u00e3o permitia a viabiliza\u00e7\u00e3o de novos investimentos em raz\u00e3o da inviabilidade de \u00e1gua\u201d, afirmou.<\/p>\n\n\n\n<p>Os reservat\u00f3rios garantem 50% a mais de disponibilidade de \u00e1gua para a popula\u00e7\u00e3o, principalmente dos bairros mais baixos da cidade. Foram anunciados ainda mais R$ 43 milh\u00f5es para a Esta\u00e7\u00e3o de Tratamento de \u00c0gua (ETA). Al\u00e9m disso, foi entregue uma s\u00e9rie de melhorias operacionais, garantindo \u00e1gua tratada a 100% da popula\u00e7\u00e3o de Jata\u00ed. O presidente da Saneago, Ricardo Soavinski, disse que as obras entregues, e j\u00e1 em funcionamento, garantem a seguran\u00e7a no abastecimento de \u00e1gua e ampliam a possibilidade de atender novos empreendimentos.<\/p>\n\n\n\n<p><strong>ABC Digital<\/strong><\/p>\n\n\n\n<figure class=\"wp-block-embed aligncenter is-type-video is-provider-youtube wp-block-embed-youtube wp-embed-aspect-16-9 wp-has-aspect-ratio\"><div class=\"wp-block-embed__wrapper\">\n<iframe title=\"O Mundo em sua Casa |08-09| Saneago entrega novos Reservat\u00f3rios para Jatai\" width=\"500\" height=\"281\" src=\"https:\/\/www.youtube.com\/embed\/NA3P_QDHQGI?feature=oembed\" frameborder=\"0\" allow=\"accelerometer; autoplay; clipboard-write; encrypted-media; gyroscope; picture-in-picture; web-share\" referrerpolicy=\"strict-origin-when-cross-origin\" allowfullscreen><\/iframe>\n<\/div><\/figure>\n","protected":false},"excerpt":{"rendered":"<p>Na \u00faltima sexta-feira (5), o vice-governador Daniel Vilela esteve em Jata\u00ed, no Sudoeste Goiano, para inaugurar a obra da Saneago da nova capta\u00e7\u00e3o de \u00e1gua no rio Claro, com capacidade de 480 litros por segundo. Tamb\u00e9m foram entregues duas esta\u00e7\u00f5es elevat\u00f3rias, uma subesta\u00e7\u00e3o el\u00e9trica, 435 metros de adutora, o Centro Reserva\u00e7\u00e3o com 1 milh\u00e3o de [&hellip;]<\/p>\n","protected":false},"author":379,"featured_media":100692,"comment_status":"closed","ping_status":"open","sticky":false,"template":"","format":"standard","meta":{"footnotes":""},"categories":[39],"tags":[58],"class_list":["post-100672","post","type-post","status-publish","format-standard","has-post-thumbnail","hentry","category-noticias","tag-jornalismo"],"rttpg_featured_image_url":{"full":["https:\/\/goias.gov.br\/abc\/wp-content\/uploads\/sites\/23\/2025\/09\/2025.09.08_OMESC_SANEAGO.jpg",1200,600,false],"landscape":["https:\/\/goias.gov.br\/abc\/wp-content\/uploads\/sites\/23\/2025\/09\/2025.09.08_OMESC_SANEAGO.jpg",1200,600,false],"portraits":["https:\/\/goias.gov.br\/abc\/wp-content\/uploads\/sites\/23\/2025\/09\/2025.09.08_OMESC_SANEAGO.jpg",1200,600,false],"thumbnail":["https:\/\/goias.gov.br\/abc\/wp-content\/uploads\/sites\/23\/2025\/09\/2025.09.08_OMESC_SANEAGO-150x150.jpg",150,150,true],"medium":["https:\/\/goias.gov.br\/abc\/wp-content\/uploads\/sites\/23\/2025\/09\/2025.09.08_OMESC_SANEAGO-300x150.jpg",300,150,true],"large":["https:\/\/goias.gov.br\/abc\/wp-content\/uploads\/sites\/23\/2025\/09\/2025.09.08_OMESC_SANEAGO-1024x512.jpg",1024,512,true],"1536x1536":["https:\/\/goias.gov.br\/abc\/wp-content\/uploads\/sites\/23\/2025\/09\/2025.09.08_OMESC_SANEAGO.jpg",1200,600,false],"2048x2048":["https:\/\/goias.gov.br\/abc\/wp-content\/uploads\/sites\/23\/2025\/09\/2025.09.08_OMESC_SANEAGO.jpg",1200,600,false]},"rttpg_author":{"display_name":"marizasantana","author_link":"https:\/\/goias.gov.br\/abc\/author\/marizasantana\/"},"rttpg_comment":0,"rttpg_category":"<a href=\"https:\/\/goias.gov.br\/abc\/categoria\/institucional\/noticias\/\" rel=\"category tag\">Not\u00edcias<\/a>","rttpg_excerpt":"Na \u00faltima sexta-feira (5), o vice-governador Daniel Vilela esteve em Jata\u00ed, no Sudoeste Goiano, para inaugurar a obra da Saneago da nova capta\u00e7\u00e3o de \u00e1gua no rio Claro, com capacidade de 480 litros por segundo. Tamb\u00e9m foram entregues duas esta\u00e7\u00f5es elevat\u00f3rias, uma subesta\u00e7\u00e3o el\u00e9trica, 435 metros de adutora, o Centro Reserva\u00e7\u00e3o com 1 milh\u00e3o de&hellip;","_links":{"self":[{"href":"https:\/\/goias.gov.br\/abc\/wp-json\/wp\/v2\/posts\/100672","targetHints":{"allow":["GET"]}}],"collection":[{"href":"https:\/\/goias.gov.br\/abc\/wp-json\/wp\/v2\/posts"}],"about":[{"href":"https:\/\/goias.gov.br\/abc\/wp-json\/wp\/v2\/types\/post"}],"author":[{"embeddable":true,"href":"https:\/\/goias.gov.br\/abc\/wp-json\/wp\/v2\/users\/379"}],"replies":[{"embeddable":true,"href":"https:\/\/goias.gov.br\/abc\/wp-json\/wp\/v2\/comments?post=100672"}],"version-history":[{"count":2,"href":"https:\/\/goias.gov.br\/abc\/wp-json\/wp\/v2\/posts\/100672\/revisions"}],"predecessor-version":[{"id":100762,"href":"https:\/\/goias.gov.br\/abc\/wp-json\/wp\/v2\/posts\/100672\/revisions\/100762"}],"wp:featuredmedia":[{"embeddable":true,"href":"https:\/\/goias.gov.br\/abc\/wp-json\/wp\/v2\/media\/100692"}],"wp:attachment":[{"href":"https:\/\/goias.gov.br\/abc\/wp-json\/wp\/v2\/media?parent=100672"}],"wp:term":[{"taxonomy":"category","embeddable":true,"href":"https:\/\/goias.gov.br\/abc\/wp-json\/wp\/v2\/categories?post=100672"},{"taxonomy":"post_tag","embeddable":true,"href":"https:\/\/goias.gov.br\/abc\/wp-json\/wp\/v2\/tags?post=100672"}],"curies":[{"name":"wp","href":"https:\/\/api.w.org\/{rel}","templated":true}]}}